{"id":354343,"date":"2022-09-03T12:16:08","date_gmt":"2022-09-03T10:16:08","guid":{"rendered":"https:\/\/www.pcnen.com\/portal\/?p=354343"},"modified":"2022-09-03T12:16:08","modified_gmt":"2022-09-03T10:16:08","slug":"sahrana-gorbacova-bez-drzavnih-pocasti-i-putina","status":"publish","type":"post","link":"https:\/\/www.pcnen.com\/portal\/2022\/09\/03\/sahrana-gorbacova-bez-drzavnih-pocasti-i-putina\/","title":{"rendered":"Sahrana Gorba\u010dova bez dr\u017eavnih po\u010dasti i Putina"},"content":{"rendered":"<p>Odbijanje Kremlja da proglasi dr\u017eavnu sahranu odra\u017eava nelagodu oko naslije\u0111a Gorba\u010dova koga pozdravljaju \u0161irom svijeta zbog ru\u0161enja Gvozdene zavjese, ali ga u Rusiji mnogi krive za raspad Sovjetskog Saveza i nastale ekonomske te\u0161ko\u0107e u kojima su milioni ljudi zapali u siroma\u0161tvo.<\/p>\n<p>Putin je u \u010detvrtak privatno polo\u017eio cvije\u0107e kod kov\u010dega u bolnici u Moskvi u kojoj je Gorba\u010dov umro. Kremlj je saop\u0161tio da predsjednik Putin zbog prethodnih obaveza ne\u0107e mo\u0107i da prisustvuje sahrani.<\/p>\n<p>Gorba\u010dov koji je umro u utorak u 92. godini \u0107e biti sahranjen na moskovskom groblju Novodevi\u010dje pored svoje supruge Raise poslije ceremonije u Domu saveza, zgrade blizu Kremlja koja je slu\u017eila kao mjesto dr\u017eavnih sahrana jo\u0161 od sovjetskih vremena, prenosi Beta.<\/p>\n<p>Da je sahrana Gorba\u010dova bila progla\u0161ena za dr\u017eavnu sahranu, Putin bi morao da prisustvuje i Moskva bi morala da pozove strane vo\u0111e a, kako izgleda, ona je bila nevoljna da to u\u010dini zbog rastu\u0107ih tenzije sa Zapadom poslije invazije na Ukrajinu.<\/p>\n<blockquote class=\"wp-embedded-content\" data-secret=\"QqXlLIXkze\"><p><a href=\"https:\/\/www.pcnen.com\/portal\/2022\/08\/30\/umro-mihail-gorbacov\/\">Umro Mihail Gorba\u010dov<\/a><\/p><\/blockquote>\n<p><iframe loading=\"lazy\" class=\"wp-embedded-content\" sandbox=\"allow-scripts\" security=\"restricted\" style=\"position: absolute; clip: rect(1px, 1px, 1px, 1px);\" title=\"&#8220;Umro Mihail Gorba\u010dov&#8221; &#8212; PCNEN\" src=\"https:\/\/www.pcnen.com\/portal\/2022\/08\/30\/umro-mihail-gorbacov\/embed\/#?secret=UR75tiZyYS#?secret=QqXlLIXkze\" data-secret=\"QqXlLIXkze\" width=\"600\" height=\"338\" frameborder=\"0\" marginwidth=\"0\" marginheight=\"0\" scrolling=\"no\"><\/iframe><\/p>\n","protected":false},"excerpt":{"rendered":"<p>Biv\u0161i sovjetski vo\u0111a Mihail Gorba\u010dov bi\u0107e sahranjen danas na relativno skromnoj ceremoniji bez prisustva ruskog predsjednika Vladimira Putina.<\/p>\n","protected":false},"author":1,"featured_media":354072,"comment_status":"open","ping_status":"closed","sticky":false,"template":"","format":"standard","meta":{"_seopress_robots_primary_cat":"","_seopress_titles_title":"","_seopress_titles_desc":"","_seopress_robots_index":"","_et_pb_use_builder":"","_et_pb_old_content":"","_et_gb_content_width":"","inline_featured_image":false,"footnotes":""},"categories":[14],"tags":[],"class_list":["post-354343","post","type-post","status-publish","format-standard","has-post-thumbnail","hentry","category-vijesti"],"_links":{"self":[{"href":"https:\/\/www.pcnen.com\/portal\/wp-json\/wp\/v2\/posts\/354343","targetHints":{"allow":["GET"]}}],"collection":[{"href":"https:\/\/www.pcnen.com\/portal\/wp-json\/wp\/v2\/posts"}],"about":[{"href":"https:\/\/www.pcnen.com\/portal\/wp-json\/wp\/v2\/types\/post"}],"author":[{"embeddable":true,"href":"https:\/\/www.pcnen.com\/portal\/wp-json\/wp\/v2\/users\/1"}],"replies":[{"embeddable":true,"href":"https:\/\/www.pcnen.com\/portal\/wp-json\/wp\/v2\/comments?post=354343"}],"version-history":[{"count":1,"href":"https:\/\/www.pcnen.com\/portal\/wp-json\/wp\/v2\/posts\/354343\/revisions"}],"predecessor-version":[{"id":354344,"href":"https:\/\/www.pcnen.com\/portal\/wp-json\/wp\/v2\/posts\/354343\/revisions\/354344"}],"wp:featuredmedia":[{"embeddable":true,"href":"https:\/\/www.pcnen.com\/portal\/wp-json\/wp\/v2\/media\/354072"}],"wp:attachment":[{"href":"https:\/\/www.pcnen.com\/portal\/wp-json\/wp\/v2\/media?parent=354343"}],"wp:term":[{"taxonomy":"category","embeddable":true,"href":"https:\/\/www.pcnen.com\/portal\/wp-json\/wp\/v2\/categories?post=354343"},{"taxonomy":"post_tag","embeddable":true,"href":"https:\/\/www.pcnen.com\/portal\/wp-json\/wp\/v2\/tags?post=354343"}],"curies":[{"name":"wp","href":"https:\/\/api.w.org\/{rel}","templated":true}]}}