{"id":354338,"date":"2022-09-03T10:05:12","date_gmt":"2022-09-03T08:05:12","guid":{"rendered":"https:\/\/www.pcnen.com\/portal\/?p=354338"},"modified":"2022-09-03T10:05:12","modified_gmt":"2022-09-03T08:05:12","slug":"adzic-bez-trajnih-posljedica-sajber-napada","status":"publish","type":"post","link":"https:\/\/www.pcnen.com\/portal\/2022\/09\/03\/adzic-bez-trajnih-posljedica-sajber-napada\/","title":{"rendered":"Ad\u017ei\u0107: Bez trajnih posljedica sajber napada"},"content":{"rendered":"<p>On je <a href=\"https:\/\/www.glasamerike.net\/a\/intervju-crna-gora-ministar-unutrasnjih-poslova-rensover-politika-vlada\/6729015.html\">u intervjuu za Glas Amerike<\/a>, govore\u0107i o politi\u010dkoj situaciji u Crnoj Gori, kazao da bi izbori zaista dali dodatni legitimitet svim politi\u010dkim partijama i pokazali da li su o\u010dekivanja pojedinih stranaka realna ili pretjerana.<\/p>\n<p>Zbog toga, kako je naveo, treba insistirati da izbori budu \u0161to prije.<\/p>\n<p>\u201cNakon tih izbora, kada dobijemo rezultate i svi se izmjerimo na politi\u010dkom tr\u017ei\u0161tu, onda bi trebalo da formiramo vladu koja bi odra\u017eavala volju gra\u0111ana i da vidimo koje su to klju\u010dne teme i aspekti na koje treba obratiti pa\u017enju\u201d, rekao je Ad\u017ei\u0107.<\/p>\n<p>Ad\u017ei\u0107 je naveo da u GP URA, \u010diji je on potpredsjednik, misle da je model koji trenutno funkcioni\u0161e najbolji za Crnu Goru, jer je najinkluzivniji i dao je velike i zna\u010dajne rezultate na svim poljima.<\/p>\n<p>\u201cDa zaista Crna Gora ne gubi nijedan dan, i mi smo, kao i uvijek do sada, odgovorili na poziv na\u0161ih kolega, kao \u0161to uvijek odgovorimo na svih kada je u pitanju razgovor\u201d, kazao je Ad\u017ei\u0107.<\/p>\n<p>On je poru\u010dio da \u0107e poku\u0161ati, zajedno sa svima koji su raspolo\u017eeni, da odblokiraju proces u Crnoj Gori, daju doprinos i poku\u0161aju da ubrzaju proces pridru\u017eivanja Evropskoj uniji (EU).<\/p>\n<p>Na pitanje da li \u0107e URA u pregovorima insistirati da premijer u tehni\u010dkom mandatu Dritan Abazovi\u0107 ostane na tom polo\u017eaju, Ad\u017ei\u0107 je odgovorio da misli da trenutno ne postoji osoba koja bi na bolji na\u010din vodila Crnu Goru i da ne postoji neko ko je inkluzivniji za sve gra\u0111ane i sve politi\u010dke predstavnike u Crnoj Gori.<\/p>\n<p>U URA-i, kako je kazao, smatraju da, ukoliko ovaj model ne mo\u017ee da funkcioni\u0161e, a izglasano je nepovjerenje vladi, da su izbori jedino pravedno re\u0161enje i jedino \u0161to gra\u0111anima treba ponuditi.<\/p>\n<p>\u201cDo tada mo\u017eemo u ovom sastavu pripremati izbore ili u nekom drugom, ali u svakom slu\u010daju, ono na \u010demu \u0107emo mi insistirati je da izbori budu \u0161to prije. Da gra\u0111ani daju svoj sud i na osnovu toga formiramo neku budu\u0107u ve\u0107inu\u201d, naveo je Ad\u017ei\u0107.<\/p>\n<p>Upitan da li \u0107e insistirati na mjestu premijera, on je rekao da relaksirano ulaze u proces pregovora i da ne\u0107e insistirati na bilo \u010demu \u0161to bi se ticalo li\u010dnih pozicija.<\/p>\n<p>Ad\u017ei\u0107 je, odgovaraju\u0107i na pitanje da li je poruka SAD da Demokratski front (DF) ne smatraju partnerom, za URA-u prepreka za formiranje vlade sa DF-om, kazao da je za URA-u i dalje ostaje prioritet evropski put Crne Gore i dobri, kako me\u0111udr\u017eavni odnosi sa susjedima, tako i svim partnerskim dr\u017eavama.<\/p>\n<p>\u201cSAD su jedan od na\u0161ih najzna\u010dajnijih partnera i svakako da ne\u0107emo uraditi bilo \u0161to bi na neki na\u010din kompromitovalo nas pojedina\u010dno ili kompromitovalo na\u0161e budu\u0107e djelovanje kada je Crna Gora u pitanju\u201d, poru\u010dio je Ad\u017ei\u0107.<\/p>\n<p>On je dodao da \u0107e u narednih 15 dana mnoge stvari biti jasnije.<\/p>\n<p>Ad\u017ei\u0107 i direktor Uprave policije Zoran Br\u0111anin su tokom posjete SAD-u, izme\u0111u ostalih, razgovarali i sa predstavnicima njujor\u0161ke policije i Federalnog istra\u017enog biroa (FBI), \u010diji tim stru\u010dnjaka poma\u017ee Crnoj Gori da se izbori sa najve\u0107im sajber napadom do sada.<\/p>\n","protected":false},"excerpt":{"rendered":"<p>Posljedice sajber napada na Crnu Goru bi\u0107e brzo sanirane, a osjetljivi i li\u010dni podaci korisnika Ministarstva unutra\u0161njih poslova (MUP) nijesu ugro\u017eeni, rekao je crnogorski ministar unutra\u0161njih poslova Filip Ad\u017ei\u0107.<\/p>\n","protected":false},"author":1,"featured_media":318339,"comment_status":"open","ping_status":"closed","sticky":false,"template":"","format":"standard","meta":{"_seopress_robots_primary_cat":"","_seopress_titles_title":"","_seopress_titles_desc":"","_seopress_robots_index":"","_et_pb_use_builder":"","_et_pb_old_content":"","_et_gb_content_width":"","inline_featured_image":false,"footnotes":""},"categories":[14],"tags":[],"class_list":["post-354338","post","type-post","status-publish","format-standard","has-post-thumbnail","hentry","category-vijesti"],"_links":{"self":[{"href":"https:\/\/www.pcnen.com\/portal\/wp-json\/wp\/v2\/posts\/354338","targetHints":{"allow":["GET"]}}],"collection":[{"href":"https:\/\/www.pcnen.com\/portal\/wp-json\/wp\/v2\/posts"}],"about":[{"href":"https:\/\/www.pcnen.com\/portal\/wp-json\/wp\/v2\/types\/post"}],"author":[{"embeddable":true,"href":"https:\/\/www.pcnen.com\/portal\/wp-json\/wp\/v2\/users\/1"}],"replies":[{"embeddable":true,"href":"https:\/\/www.pcnen.com\/portal\/wp-json\/wp\/v2\/comments?post=354338"}],"version-history":[{"count":1,"href":"https:\/\/www.pcnen.com\/portal\/wp-json\/wp\/v2\/posts\/354338\/revisions"}],"predecessor-version":[{"id":354339,"href":"https:\/\/www.pcnen.com\/portal\/wp-json\/wp\/v2\/posts\/354338\/revisions\/354339"}],"wp:featuredmedia":[{"embeddable":true,"href":"https:\/\/www.pcnen.com\/portal\/wp-json\/wp\/v2\/media\/318339"}],"wp:attachment":[{"href":"https:\/\/www.pcnen.com\/portal\/wp-json\/wp\/v2\/media?parent=354338"}],"wp:term":[{"taxonomy":"category","embeddable":true,"href":"https:\/\/www.pcnen.com\/portal\/wp-json\/wp\/v2\/categories?post=354338"},{"taxonomy":"post_tag","embeddable":true,"href":"https:\/\/www.pcnen.com\/portal\/wp-json\/wp\/v2\/tags?post=354338"}],"curies":[{"name":"wp","href":"https:\/\/api.w.org\/{rel}","templated":true}]}}