{"id":354326,"date":"2022-09-03T09:30:36","date_gmt":"2022-09-03T07:30:36","guid":{"rendered":"https:\/\/www.pcnen.com\/portal\/?p=354326"},"modified":"2022-09-03T09:30:36","modified_gmt":"2022-09-03T07:30:36","slug":"mandic-izbor-mandatara-bice-rezultat-dogovora","status":"publish","type":"post","link":"https:\/\/www.pcnen.com\/portal\/2022\/09\/03\/mandic-izbor-mandatara-bice-rezultat-dogovora\/","title":{"rendered":"Mandi\u0107: Izbor mandatara bi\u0107e rezultat dogovora"},"content":{"rendered":"<p>Poru\u010duje da Crna Gora \u017eeli da donosi odluke o sebi i da ne \u017eele da im se iko vi\u0161e mije\u0161a u unutra\u0161nje poslove. Isti\u010de da nova Vlada ne\u0107e biti ekspertska, ve\u0107 bi trebalo da bude potpuno politi\u010dka, kao i da \u0107e izbor mandatara biti rezultat razgovora i dogovora.<\/p>\n<p>Andrija Mandi\u0107 \u00a0o\u010dekuje da \u0107e nova Vlada uskoro biti formirana.<\/p>\n<p>\u201eMi smo pro\u0161li onu najva\u017eniju deonicu. Potpisali smo politi\u010dki sporazum, gdje smo se obavezali da \u0107emo formirati novu Vladu. U tom politi\u010dkom sporazumu zapisali smo i jednu veoma va\u017enu stvar \u2013 ne \u017eelimo da se neko mije\u0161a u na\u0161e me\u0111usobne dogovore, bilo koja adresa sa strane\u201c, rekao je Mandi\u0107 za RTS.<\/p>\n<p>Ukazuje da upravo time \u0161to su izbjegli \u201emije\u0161anje raznih nedobronamjernih adresa koje su i prethodne dvije godine uticale dominantno na izbore Vlade u Crnoj Gori\u201c stvorili dobre pretpostavke da izaberu Vladu koja \u0107e biti rezultat njihovog dogovora.<\/p>\n<p>\u201eVeoma sam sre\u0107an \u0161to sam kao predsednik Nove srpske demokratije, stranke koja broji najve\u0107i broj poslanika u Skup\u0161tini Crne Gore u parlamenatrnoj ve\u0107ini i u ime Demokratskog fronta koji je najja\u010di koalicioni saveznik da smo uspeli da dobijemo odgovore na\u0161ih partnera i pokazali jednu otvorenost, iskrenost da imamo Vladu koja \u0107e raditi u interesu svih gra\u0111ana Crne Gore\u201c, dodao je on.<\/p>\n<p>Kada je rije\u010d o izboru mandatara, Demokratski front je predlo\u017eio upravo Mandi\u0107a. Na pitanje da li o\u010dekuje da predvodi novu Vladu, Mandi\u0107 ka\u017ee da \u0107e to sve biti rezultat razgovora i dogovora.<\/p>\n<p>\u201eMi smo usvojili i potpisali princip da se nova Vlada bira na osnovu demokratskih standarda koji va\u017ee svuda u svijetu, da oni koji imaju najve\u0107u snagu i najve\u0107u podr\u0161ku naroda da njima i pripadaju klju\u010dne funkcije, ali ka\u017eem to je sve stvar dogovora. Sje\u0161\u0107emo i dogovori\u0107emo se\u201c, poru\u010duje Mandi\u0107.<\/p>\n<p>Od premijera u tehni\u010dkom mandatu Dritana Abazovi\u0107a ju\u010de smo \u010duli da je spreman da ostane na \u010delu crnogorske Vlade. Govore\u0107i o tome razmatra li se ta ideja, Mandi\u0107 ka\u017ee: \u201eKada sjednemo za sto svi predsjednici politi\u010dkih stranaka iza\u0107i \u0107e sa svojim predlozima i bi\u0107e to jedna dobra atmosfera u kojoj \u017eelimo da postignemo dogovor\u201c.<\/p>\n","protected":false},"excerpt":{"rendered":"<p>Parlamentarna ve\u0107ina posle izbora 2020. godine ponovo je na okupu i potpisala je sporazum kojim se obavezuje na formiranje Vlade. Jedan od lidera Demokratskog fronta Andrija Mandi\u0107 ka\u017ee za RTS da su se sada stvari vratile u prirodni poredak<\/p>\n","protected":false},"author":1,"featured_media":353176,"comment_status":"open","ping_status":"closed","sticky":false,"template":"","format":"standard","meta":{"_seopress_robots_primary_cat":"","_seopress_titles_title":"","_seopress_titles_desc":"","_seopress_robots_index":"","_et_pb_use_builder":"","_et_pb_old_content":"","_et_gb_content_width":"","inline_featured_image":false,"footnotes":""},"categories":[14],"tags":[],"class_list":["post-354326","post","type-post","status-publish","format-standard","has-post-thumbnail","hentry","category-vijesti"],"_links":{"self":[{"href":"https:\/\/www.pcnen.com\/portal\/wp-json\/wp\/v2\/posts\/354326","targetHints":{"allow":["GET"]}}],"collection":[{"href":"https:\/\/www.pcnen.com\/portal\/wp-json\/wp\/v2\/posts"}],"about":[{"href":"https:\/\/www.pcnen.com\/portal\/wp-json\/wp\/v2\/types\/post"}],"author":[{"embeddable":true,"href":"https:\/\/www.pcnen.com\/portal\/wp-json\/wp\/v2\/users\/1"}],"replies":[{"embeddable":true,"href":"https:\/\/www.pcnen.com\/portal\/wp-json\/wp\/v2\/comments?post=354326"}],"version-history":[{"count":2,"href":"https:\/\/www.pcnen.com\/portal\/wp-json\/wp\/v2\/posts\/354326\/revisions"}],"predecessor-version":[{"id":354328,"href":"https:\/\/www.pcnen.com\/portal\/wp-json\/wp\/v2\/posts\/354326\/revisions\/354328"}],"wp:featuredmedia":[{"embeddable":true,"href":"https:\/\/www.pcnen.com\/portal\/wp-json\/wp\/v2\/media\/353176"}],"wp:attachment":[{"href":"https:\/\/www.pcnen.com\/portal\/wp-json\/wp\/v2\/media?parent=354326"}],"wp:term":[{"taxonomy":"category","embeddable":true,"href":"https:\/\/www.pcnen.com\/portal\/wp-json\/wp\/v2\/categories?post=354326"},{"taxonomy":"post_tag","embeddable":true,"href":"https:\/\/www.pcnen.com\/portal\/wp-json\/wp\/v2\/tags?post=354326"}],"curies":[{"name":"wp","href":"https:\/\/api.w.org\/{rel}","templated":true}]}}