{"id":354301,"date":"2022-09-02T21:53:39","date_gmt":"2022-09-02T19:53:39","guid":{"rendered":"https:\/\/www.pcnen.com\/portal\/?p=354301"},"modified":"2022-09-02T21:53:39","modified_gmt":"2022-09-02T19:53:39","slug":"radna-grupa-eu-o-situaciji-u-cg-6-septembra","status":"publish","type":"post","link":"https:\/\/www.pcnen.com\/portal\/2022\/09\/02\/radna-grupa-eu-o-situaciji-u-cg-6-septembra\/","title":{"rendered":"Radna grupa EU o situaciji u CG 6. septembra"},"content":{"rendered":"<p>Osim Crne Gore, na dnevnom redu su i aktuelna politi\u010dka de\u0161avanja u Srbiji kao i pitanje evropske pomo\u0107i rje\u0161avanju statusa izbjeglica u Turskoj.<\/p>\n<p>Zvani\u010dna najava za sjednicu Radne grupe objavljena je na internet sajtu Savjeta Evropske unije.<\/p>\n<p>&#8220;Novosti o najnovijim politi\u010dkim de\u0161avanjima u Crnoj Gori&#8221;, pi\u0161e u dnevnom redu za sjednicu.<\/p>\n<p>Situacija o Crnoj Gori je druga ta\u010dka dnevnog reda.<\/p>\n<p>U julu ove godine, u Podgorici je odr\u017eana sjednica Savjeta za stabilizaciju i pridru\u017eivanje EU-Crna Gora.<\/p>\n","protected":false},"excerpt":{"rendered":"<p>Radna grupa za pro\u0161irenje i pregovore o pridru\u017eivanju EU razmatra\u0107e 6. septembra politi\u010dku situaciju u Crnoj Gori.<\/p>\n","protected":false},"author":1,"featured_media":288890,"comment_status":"open","ping_status":"closed","sticky":false,"template":"","format":"standard","meta":{"_seopress_robots_primary_cat":"","_seopress_titles_title":"","_seopress_titles_desc":"","_seopress_robots_index":"","_et_pb_use_builder":"","_et_pb_old_content":"","_et_gb_content_width":"","inline_featured_image":false,"footnotes":""},"categories":[14],"tags":[],"class_list":["post-354301","post","type-post","status-publish","format-standard","has-post-thumbnail","hentry","category-vijesti"],"_links":{"self":[{"href":"https:\/\/www.pcnen.com\/portal\/wp-json\/wp\/v2\/posts\/354301","targetHints":{"allow":["GET"]}}],"collection":[{"href":"https:\/\/www.pcnen.com\/portal\/wp-json\/wp\/v2\/posts"}],"about":[{"href":"https:\/\/www.pcnen.com\/portal\/wp-json\/wp\/v2\/types\/post"}],"author":[{"embeddable":true,"href":"https:\/\/www.pcnen.com\/portal\/wp-json\/wp\/v2\/users\/1"}],"replies":[{"embeddable":true,"href":"https:\/\/www.pcnen.com\/portal\/wp-json\/wp\/v2\/comments?post=354301"}],"version-history":[{"count":1,"href":"https:\/\/www.pcnen.com\/portal\/wp-json\/wp\/v2\/posts\/354301\/revisions"}],"predecessor-version":[{"id":354302,"href":"https:\/\/www.pcnen.com\/portal\/wp-json\/wp\/v2\/posts\/354301\/revisions\/354302"}],"wp:featuredmedia":[{"embeddable":true,"href":"https:\/\/www.pcnen.com\/portal\/wp-json\/wp\/v2\/media\/288890"}],"wp:attachment":[{"href":"https:\/\/www.pcnen.com\/portal\/wp-json\/wp\/v2\/media?parent=354301"}],"wp:term":[{"taxonomy":"category","embeddable":true,"href":"https:\/\/www.pcnen.com\/portal\/wp-json\/wp\/v2\/categories?post=354301"},{"taxonomy":"post_tag","embeddable":true,"href":"https:\/\/www.pcnen.com\/portal\/wp-json\/wp\/v2\/tags?post=354301"}],"curies":[{"name":"wp","href":"https:\/\/api.w.org\/{rel}","templated":true}]}}