{"id":354296,"date":"2022-09-02T21:35:16","date_gmt":"2022-09-02T19:35:16","guid":{"rendered":"https:\/\/www.pcnen.com\/portal\/?p=354296"},"modified":"2022-09-02T21:44:41","modified_gmt":"2022-09-02T19:44:41","slug":"vucic-radili-smo-17-sati-tako-pijani-kako-bismo-tek-bili-uspjesni-trijezni-video","status":"publish","type":"post","link":"https:\/\/www.pcnen.com\/portal\/2022\/09\/02\/vucic-radili-smo-17-sati-tako-pijani-kako-bismo-tek-bili-uspjesni-trijezni-video\/","title":{"rendered":"Vu\u010di\u0107: Radili smo 17 sati tako pijani, kako bismo tek bili uspje\u0161ni trijezni (video)"},"content":{"rendered":"<p>&#8220;Moji politi\u010dki protivnici, kad ne znaju \u0161ta drugo, ka\u017eu da sam bio pripit, ne znaju\u0107i sa koliko sam ponosa obilazio sve \u0161tandove, \u017eele\u0107i da budem dobar doma\u0107in svima&#8221;, izjavio je Vu\u010di\u0107, prenosi N1.<\/p>\n<p>Obi\u0161ao je Vu\u010di\u0107 svaki \u0161tand i probao skoro svako vino, pa se i pohvalio: &#8220;Oni koji su brojali od po\u010detka, 100 \u010da\u0161a sam popio, nema smisla, do\u0107i \u0107emo opet u subotu&#8221;.<\/p>\n<p>&#8220;Sino\u0107 smo radili do pola 12, imali ozbiljne razgovore sa \u010cavu\u0161ogluom i svi izme\u0111u sebe, u pola 12 se zavr\u0161io moj radni dan, mo\u017eete da mislite kako bismo bili uspje\u0161ni da smo toliko trijezni, da nismo ponekad pomalo pijani, pa ju\u010de 17 sati da radimo tako pijani&#8221;, kazao je Vu\u010di\u0107.<\/p>\n<p>Albanski premijer je naveo da je ju\u010dera\u0161nji dan mogao po\u010deti i sukobom, ali po\u010deo je zdravicom.<\/p>\n<p>&#8220;\u010cuo sam da opozicija smatra da je predsjednik bio malo pripit, e pa ja smatram da je pripitije da nekog optu\u017eujete ko pije dok ste vi trijezni, a zapravo ste u isto takvom stanju&#8221;, rekao je Edi Rama.<\/p>\n<p>Predsednik Srbije najavio je da \u0107e i u subotu biti na sajmu vina.<\/p>\n<p>&nbsp;<\/p>\n<p>https:\/\/youtube.com\/shorts\/CdYjmrVAtWY?feature=share<\/p>\n<p>&nbsp;<\/p>\n<p>&nbsp;<\/p>\n","protected":false},"excerpt":{"rendered":"<p>Predsjednik Srbije Aleksandar Vu\u010di\u0107 ka\u017ee da je ju\u010de radio 17 sati i da degustacija na Me\u0111unarodnom sajmu vina nije omela rad lidera &#8220;Otvorenog Balkana&#8221;. (Foto:Beta)<\/p>\n","protected":false},"author":1,"featured_media":0,"comment_status":"open","ping_status":"closed","sticky":false,"template":"","format":"standard","meta":{"_seopress_robots_primary_cat":"","_seopress_titles_title":"","_seopress_titles_desc":"","_seopress_robots_index":"","_et_pb_use_builder":"","_et_pb_old_content":"","_et_gb_content_width":"","inline_featured_image":false,"footnotes":""},"categories":[14],"tags":[],"class_list":["post-354296","post","type-post","status-publish","format-standard","hentry","category-vijesti"],"_links":{"self":[{"href":"https:\/\/www.pcnen.com\/portal\/wp-json\/wp\/v2\/posts\/354296","targetHints":{"allow":["GET"]}}],"collection":[{"href":"https:\/\/www.pcnen.com\/portal\/wp-json\/wp\/v2\/posts"}],"about":[{"href":"https:\/\/www.pcnen.com\/portal\/wp-json\/wp\/v2\/types\/post"}],"author":[{"embeddable":true,"href":"https:\/\/www.pcnen.com\/portal\/wp-json\/wp\/v2\/users\/1"}],"replies":[{"embeddable":true,"href":"https:\/\/www.pcnen.com\/portal\/wp-json\/wp\/v2\/comments?post=354296"}],"version-history":[{"count":3,"href":"https:\/\/www.pcnen.com\/portal\/wp-json\/wp\/v2\/posts\/354296\/revisions"}],"predecessor-version":[{"id":354300,"href":"https:\/\/www.pcnen.com\/portal\/wp-json\/wp\/v2\/posts\/354296\/revisions\/354300"}],"wp:attachment":[{"href":"https:\/\/www.pcnen.com\/portal\/wp-json\/wp\/v2\/media?parent=354296"}],"wp:term":[{"taxonomy":"category","embeddable":true,"href":"https:\/\/www.pcnen.com\/portal\/wp-json\/wp\/v2\/categories?post=354296"},{"taxonomy":"post_tag","embeddable":true,"href":"https:\/\/www.pcnen.com\/portal\/wp-json\/wp\/v2\/tags?post=354296"}],"curies":[{"name":"wp","href":"https:\/\/api.w.org\/{rel}","templated":true}]}}