{"id":354285,"date":"2022-09-02T20:08:32","date_gmt":"2022-09-02T18:08:32","guid":{"rendered":"https:\/\/www.pcnen.com\/portal\/?p=354285"},"modified":"2022-09-02T20:08:32","modified_gmt":"2022-09-02T18:08:32","slug":"maslenikov-narod-cg-i-dalje-njeguje-bratska-osjecanja-prema-rusiji","status":"publish","type":"post","link":"https:\/\/www.pcnen.com\/portal\/2022\/09\/02\/maslenikov-narod-cg-i-dalje-njeguje-bratska-osjecanja-prema-rusiji\/","title":{"rendered":"Maslenikov: Narod CG i dalje njeguje bratska osje\u0107anja prema Rusiji"},"content":{"rendered":"<p>On je to rekao na tribini Udru\u017eenja novinara Crne Gore \u201eRat u Ukrajini iz ugla ratnog reportera Igora Damjanovi\u0107a\u201c.<\/p>\n<p>Maslenikov je naveo da je Rusija bila prinu\u0111ena da pokrene specijalnu operaciju, jer je imala podatke da \u0107e ukrajinske snage napasti Donjeck i Lugansk.<\/p>\n<p>Kako je naveo, Rusija ne \u017eeli razaranja, ve\u0107 \u0161titi civile i zabranjuje ga\u0111anje civilnih ciljeva.<\/p>\n<p>\u201cRat u Ukrajini je dugo pripreman, jo\u0161 od raspada SSSR-a, u kojem je Ukrajina bila jedna od najrazvijenijih i najbogatijih federalnih jedinica. Nakon dobijanja nezavisnosti njen razvoj je usporen, \u010dak je i potpuno nestao, jer Evropa nije ekonomski pomagala Ukrajinu. U toj zemlji decenijama se sprovodio antiruski program i stvarana je nacija na temeljima antiruske pri\u010de i za sve nevolje u toj zemlji vlasti su krivili Rusiju. Uz to Ukrajina je bila od velikim uticajem zapadnih sila, sprovodila je bilo\u0161ke nedozvoljene projekte, a danas \u010dak zahtijeva da postane nuklearna sila i \u010dlan NATO-a. Rusija nije sve to mogla \u0107utke da gleda i zbog toga je zapo\u010dela specijalnu vojnu operaciju u toj zemlji\u201d, zaklju\u010do je Maslenikov, prenose mediji.<\/p>\n","protected":false},"excerpt":{"rendered":"<p>Ruski ambasador u Crnoj Gori Vladislav Maslenikov poru\u010dio je da mu je \u017eao \u0161to aktuelna crnogorska vlast prednja\u010di u sprovo\u0111enju antiruskih sankcija, \u010dak je po tome agilnija od EU, ali isti\u010de da narod Crne Gore nije protiv Rusa i da i dalje njeguje bratska osje\u0107anja prema Rusiji.<\/p>\n","protected":false},"author":1,"featured_media":354286,"comment_status":"open","ping_status":"closed","sticky":false,"template":"","format":"standard","meta":{"_seopress_robots_primary_cat":"","_seopress_titles_title":"","_seopress_titles_desc":"","_seopress_robots_index":"","_et_pb_use_builder":"","_et_pb_old_content":"","_et_gb_content_width":"","inline_featured_image":false,"footnotes":""},"categories":[14],"tags":[],"class_list":["post-354285","post","type-post","status-publish","format-standard","has-post-thumbnail","hentry","category-vijesti"],"_links":{"self":[{"href":"https:\/\/www.pcnen.com\/portal\/wp-json\/wp\/v2\/posts\/354285","targetHints":{"allow":["GET"]}}],"collection":[{"href":"https:\/\/www.pcnen.com\/portal\/wp-json\/wp\/v2\/posts"}],"about":[{"href":"https:\/\/www.pcnen.com\/portal\/wp-json\/wp\/v2\/types\/post"}],"author":[{"embeddable":true,"href":"https:\/\/www.pcnen.com\/portal\/wp-json\/wp\/v2\/users\/1"}],"replies":[{"embeddable":true,"href":"https:\/\/www.pcnen.com\/portal\/wp-json\/wp\/v2\/comments?post=354285"}],"version-history":[{"count":1,"href":"https:\/\/www.pcnen.com\/portal\/wp-json\/wp\/v2\/posts\/354285\/revisions"}],"predecessor-version":[{"id":354287,"href":"https:\/\/www.pcnen.com\/portal\/wp-json\/wp\/v2\/posts\/354285\/revisions\/354287"}],"wp:featuredmedia":[{"embeddable":true,"href":"https:\/\/www.pcnen.com\/portal\/wp-json\/wp\/v2\/media\/354286"}],"wp:attachment":[{"href":"https:\/\/www.pcnen.com\/portal\/wp-json\/wp\/v2\/media?parent=354285"}],"wp:term":[{"taxonomy":"category","embeddable":true,"href":"https:\/\/www.pcnen.com\/portal\/wp-json\/wp\/v2\/categories?post=354285"},{"taxonomy":"post_tag","embeddable":true,"href":"https:\/\/www.pcnen.com\/portal\/wp-json\/wp\/v2\/tags?post=354285"}],"curies":[{"name":"wp","href":"https:\/\/api.w.org\/{rel}","templated":true}]}}