{"id":354277,"date":"2022-09-02T16:05:26","date_gmt":"2022-09-02T14:05:26","guid":{"rendered":"https:\/\/www.pcnen.com\/portal\/?p=354277"},"modified":"2022-09-02T16:05:26","modified_gmt":"2022-09-02T14:05:26","slug":"vucic-i-rama-hvale-abazovica","status":"publish","type":"post","link":"https:\/\/www.pcnen.com\/portal\/2022\/09\/02\/vucic-i-rama-hvale-abazovica\/","title":{"rendered":"Vu\u010di\u0107 i Rama hvale Abazovi\u0107a"},"content":{"rendered":"<p>\u201cOn je donosio vrlo te\u0161ke odluke. Za 100 dana rada Vlade je u\u010dinio vi\u0161e nego njegovi prethodnici\u201d, rekao je Vu\u010di\u0107, a potom poru\u010dio novinarima da lideri kasne na ru\u010dak, i da je spremio odli\u010dno vino za svoje goste.<\/p>\n<p>Predsjednik Albanije Edi Rama je kazao da Abazovi\u0107 prijeti da obori rekord premijera, po\u0161to je toliko puta pre\u017eivio izglasavanje o nepovjerenju.<\/p>\n<p>\u201c\u0160to vi\u0161e vremena bude prolazilo ljudi \u0107e da \u017eale \u0161to su ga izbacivali, jer lak\u0161e bi ga se otarasili da to nisu radili\u201d, poru\u010dio je Rama.<\/p>\n","protected":false},"excerpt":{"rendered":"<p>Predsjednik Srbije Aleksandar Vu\u010di\u0107 se danas, govore\u0107i na konferenciji poslije Samita lidera zemalja Otvorenog Balkana, zahvalio premijeru Crne Gore Dritanu Abazovi\u0107u, mada mu, kako je kazao, zbog toga mo\u017eda mogu zamjeriti u Crnoj Gori.<\/p>\n","protected":false},"author":1,"featured_media":346226,"comment_status":"open","ping_status":"closed","sticky":false,"template":"","format":"standard","meta":{"_seopress_robots_primary_cat":"","_seopress_titles_title":"","_seopress_titles_desc":"","_seopress_robots_index":"","_et_pb_use_builder":"","_et_pb_old_content":"","_et_gb_content_width":"","inline_featured_image":false,"footnotes":""},"categories":[14],"tags":[],"class_list":["post-354277","post","type-post","status-publish","format-standard","has-post-thumbnail","hentry","category-vijesti"],"_links":{"self":[{"href":"https:\/\/www.pcnen.com\/portal\/wp-json\/wp\/v2\/posts\/354277","targetHints":{"allow":["GET"]}}],"collection":[{"href":"https:\/\/www.pcnen.com\/portal\/wp-json\/wp\/v2\/posts"}],"about":[{"href":"https:\/\/www.pcnen.com\/portal\/wp-json\/wp\/v2\/types\/post"}],"author":[{"embeddable":true,"href":"https:\/\/www.pcnen.com\/portal\/wp-json\/wp\/v2\/users\/1"}],"replies":[{"embeddable":true,"href":"https:\/\/www.pcnen.com\/portal\/wp-json\/wp\/v2\/comments?post=354277"}],"version-history":[{"count":1,"href":"https:\/\/www.pcnen.com\/portal\/wp-json\/wp\/v2\/posts\/354277\/revisions"}],"predecessor-version":[{"id":354278,"href":"https:\/\/www.pcnen.com\/portal\/wp-json\/wp\/v2\/posts\/354277\/revisions\/354278"}],"wp:featuredmedia":[{"embeddable":true,"href":"https:\/\/www.pcnen.com\/portal\/wp-json\/wp\/v2\/media\/346226"}],"wp:attachment":[{"href":"https:\/\/www.pcnen.com\/portal\/wp-json\/wp\/v2\/media?parent=354277"}],"wp:term":[{"taxonomy":"category","embeddable":true,"href":"https:\/\/www.pcnen.com\/portal\/wp-json\/wp\/v2\/categories?post=354277"},{"taxonomy":"post_tag","embeddable":true,"href":"https:\/\/www.pcnen.com\/portal\/wp-json\/wp\/v2\/tags?post=354277"}],"curies":[{"name":"wp","href":"https:\/\/api.w.org\/{rel}","templated":true}]}}