{"id":354273,"date":"2022-09-02T15:09:12","date_gmt":"2022-09-02T13:09:12","guid":{"rendered":"https:\/\/www.pcnen.com\/portal\/?p=354273"},"modified":"2022-09-02T15:09:12","modified_gmt":"2022-09-02T13:09:12","slug":"abazovic-isti-sporazum-smo-nudili-demokrate-nisu-htjele-da-ga-prihvate-video","status":"publish","type":"post","link":"https:\/\/www.pcnen.com\/portal\/2022\/09\/02\/abazovic-isti-sporazum-smo-nudili-demokrate-nisu-htjele-da-ga-prihvate-video\/","title":{"rendered":"Abazovi\u0107: Isti sporazum smo nudili, Demokrate nisu htjele da ga prihvate (video)"},"content":{"rendered":"<p>\u201cDemokrate isti ovakav sporazum nisu htjeli da potpi\u0161u sa nama. To su ti neki univerzalni principi. ko neko misli da se smijeni Danijela \u0110urovi\u0107 i obezglavi institucija Crne Gore. to je licemjerno i na takve stvari ne treba pristati. Ko \u017eeli fer, sa nama uvijek mo\u017ee. Nema ve\u0107ine bez URA, a ko ho\u0107e sa DPS sretno mu bilo\u201d, \u00a0poru\u010dio je on.<\/p>\n<p>Abazovi\u0107 je kazao da, ukoliko i dalje bude na funkciji premijera, nastavi\u0107e da donosi te\u0161ke odluke.<\/p>\n<p>\u201cOvo \u0161to imamo danas jeste da mijenjamo perspektivu i ono \u0161to je lice i nali\u010dje Zapadnog Balkana. Ako bude dogovor nove ve\u0107ine da budem premijer \u2013 dobro je, ako ne svoju viziju i politiku \u0107u afirmisati sa druge pozicije, pa i iz opozicije ako bude trebalo\u201d, poru\u010dio je Abazovi\u0107.<\/p>\n<p>\u201cJa sam premijer koji donosi te\u0161ke odluke. Ponosan sam na to\u201d, poru\u010dio je Abazovi\u0107.<\/p>\n<p><iframe loading=\"lazy\" style=\"border: none; overflow: hidden;\" src=\"https:\/\/www.facebook.com\/plugins\/video.php?height=476&amp;href=https%3A%2F%2Fwww.facebook.com%2Fabazovicdritan%2Fvideos%2F623249479312691%2F&amp;show_text=false&amp;width=267&amp;t=0\" width=\"267\" height=\"476\" frameborder=\"0\" scrolling=\"no\" allowfullscreen=\"allowfullscreen\"><\/iframe><\/p>\n","protected":false},"excerpt":{"rendered":"<p>Demokrate nisu htjele da potpi\u0161u isti ovakav sporazum koji smo mi nudili, kazao je danas novinarima u Beogradu premijer Dritan Abazovi\u0107, odgovaraju\u0107i na pitanja kako komentari\u0161e dana\u0161nji sporazum parlamentarne ve\u0107ine.<\/p>\n","protected":false},"author":1,"featured_media":349717,"comment_status":"open","ping_status":"closed","sticky":false,"template":"","format":"standard","meta":{"_seopress_robots_primary_cat":"","_seopress_titles_title":"","_seopress_titles_desc":"","_seopress_robots_index":"","_et_pb_use_builder":"","_et_pb_old_content":"","_et_gb_content_width":"","inline_featured_image":false,"footnotes":""},"categories":[14],"tags":[],"class_list":["post-354273","post","type-post","status-publish","format-standard","has-post-thumbnail","hentry","category-vijesti"],"_links":{"self":[{"href":"https:\/\/www.pcnen.com\/portal\/wp-json\/wp\/v2\/posts\/354273","targetHints":{"allow":["GET"]}}],"collection":[{"href":"https:\/\/www.pcnen.com\/portal\/wp-json\/wp\/v2\/posts"}],"about":[{"href":"https:\/\/www.pcnen.com\/portal\/wp-json\/wp\/v2\/types\/post"}],"author":[{"embeddable":true,"href":"https:\/\/www.pcnen.com\/portal\/wp-json\/wp\/v2\/users\/1"}],"replies":[{"embeddable":true,"href":"https:\/\/www.pcnen.com\/portal\/wp-json\/wp\/v2\/comments?post=354273"}],"version-history":[{"count":1,"href":"https:\/\/www.pcnen.com\/portal\/wp-json\/wp\/v2\/posts\/354273\/revisions"}],"predecessor-version":[{"id":354274,"href":"https:\/\/www.pcnen.com\/portal\/wp-json\/wp\/v2\/posts\/354273\/revisions\/354274"}],"wp:featuredmedia":[{"embeddable":true,"href":"https:\/\/www.pcnen.com\/portal\/wp-json\/wp\/v2\/media\/349717"}],"wp:attachment":[{"href":"https:\/\/www.pcnen.com\/portal\/wp-json\/wp\/v2\/media?parent=354273"}],"wp:term":[{"taxonomy":"category","embeddable":true,"href":"https:\/\/www.pcnen.com\/portal\/wp-json\/wp\/v2\/categories?post=354273"},{"taxonomy":"post_tag","embeddable":true,"href":"https:\/\/www.pcnen.com\/portal\/wp-json\/wp\/v2\/tags?post=354273"}],"curies":[{"name":"wp","href":"https:\/\/api.w.org\/{rel}","templated":true}]}}