{"id":354254,"date":"2022-09-02T13:00:42","date_gmt":"2022-09-02T11:00:42","guid":{"rendered":"https:\/\/www.pcnen.com\/portal\/?p=354254"},"modified":"2022-09-02T13:00:42","modified_gmt":"2022-09-02T11:00:42","slug":"hotel-mamula-bice-otvoren-za-posjete-u-drugoj-polovini-septembra","status":"publish","type":"post","link":"https:\/\/www.pcnen.com\/portal\/2022\/09\/02\/hotel-mamula-bice-otvoren-za-posjete-u-drugoj-polovini-septembra\/","title":{"rendered":"Hotel Mamula bi\u0107e otvoren za posjete u drugoj polovini septembra"},"content":{"rendered":"<p>\u201cTo \u0107e biti prvi posjetioci nakon pa\u017eljive rekonstrukcije i transformacije stare austrougarske tvr\u0111ave u butik hotel sa pet zvjezdica, i prilika da se predstavi na\u0161a vizija da stvorimo ekskluzivni boutique hotel &amp; spa, \u010duvaju\u0107i i obnavljaju\u0107i bogato naslje\u0111e crnogorske kulture i istorije koju pamtimo sa dostojanstvom, u autenti\u010dnom ambijentu koji pru\u017ea jedinstvenu oazu gostoprimstva za na\u0161e goste, u svim godi\u0161njim dobima\u201c, kazao je \u0160aub, prenosi<a href=\"http:\/\/www.prcentar.me\/clanak\/mamula-island-otvara-vrata-za-posjete-u-drugoj-polovini-ovog-mjeseca\/2061\" target=\"_blank\" rel=\"noopener\"> prcentar.me.<\/a><\/p>\n<p>Pretvaranje ostrva i njegove tvr\u0111ave u kojoj je bio fa\u0161isti\u010di koncentracioni logor u hotel nije bilo po volji dijelu gra\u0111ana\/gra\u0111anki Boke i Crne Gore.<\/p>\n<p>\u201cNa\u0161 stav je da ostvo Lastavica, sa tvr\u0111avom Mamula, treba da bude op\u0161te narodno dobro gra\u0111ana Crne Gore, i kao graditeljsko i istorijsko naslje\u0111e op\u0161tine Herceg Novi, sa\u010duvano u postoje\u0107em obliku, bez mogu\u0107nosti prodaje inostranim ili doma\u0107im kompanijama, bez mogu\u0107nosti pretvaranja u bilo kakve sadr\u017eaje elitnog turizma, koji bi naru\u0161ili postoje\u0107i koncept spomenika kulture i sje\u0107anje na na\u0161e pretke, zato\u010denike zloglasnog logora\u201d, poru\u010divala je FB grupa <a href=\"https:\/\/www.facebook.com\/groups\/276511239171178\/\" target=\"_blank\" rel=\"noopener\">Nek se \u010duje krik za spas Mamule!<\/a><\/p>\n<blockquote class=\"wp-embedded-content\" data-secret=\"XyQ9LeSeqz\"><p><a href=\"https:\/\/www.pcnen.com\/portal\/2015\/02\/23\/mamula-presla-u-tude-ruke-novljanski-ekolozi-protestuju\/\">\u2018Mamula\u2019 pre\u0161la u tu\u0111e ruke, novljanski ekolozi protestuju<\/a><\/p><\/blockquote>\n<p><iframe loading=\"lazy\" class=\"wp-embedded-content\" sandbox=\"allow-scripts\" security=\"restricted\" style=\"position: absolute; clip: rect(1px, 1px, 1px, 1px);\" title=\"&#8220;\u2018Mamula\u2019 pre\u0161la u tu\u0111e ruke, novljanski ekolozi protestuju&#8221; &#8212; PCNEN\" src=\"https:\/\/www.pcnen.com\/portal\/2015\/02\/23\/mamula-presla-u-tude-ruke-novljanski-ekolozi-protestuju\/embed\/#?secret=BnkWuFdjtB#?secret=XyQ9LeSeqz\" data-secret=\"XyQ9LeSeqz\" width=\"600\" height=\"338\" frameborder=\"0\" marginwidth=\"0\" marginheight=\"0\" scrolling=\"no\"><\/iframe><\/p>\n","protected":false},"excerpt":{"rendered":"<p>Ostrvo\u2013hotel Mamula Island u Herceg Novom otvori\u0107e, u drugoj polovini septembra, vrata za posjete mje\u0161tana i u naredna dva mjeseca, kroz kulturne doga\u0111aje, organizovane ture i obilaske, predstavi\u0107e ponudu destinacije svim gra\u0111anima Crne Gore, saop\u0161tio je generalni menad\u017eer Mamula Island Hening A. \u0160aub. (Foto: PR Centar)<\/p>\n","protected":false},"author":1,"featured_media":354255,"comment_status":"open","ping_status":"closed","sticky":false,"template":"","format":"standard","meta":{"_seopress_robots_primary_cat":"","_seopress_titles_title":"","_seopress_titles_desc":"","_seopress_robots_index":"","_et_pb_use_builder":"","_et_pb_old_content":"","_et_gb_content_width":"","inline_featured_image":false,"footnotes":""},"categories":[14],"tags":[],"class_list":["post-354254","post","type-post","status-publish","format-standard","has-post-thumbnail","hentry","category-vijesti"],"_links":{"self":[{"href":"https:\/\/www.pcnen.com\/portal\/wp-json\/wp\/v2\/posts\/354254","targetHints":{"allow":["GET"]}}],"collection":[{"href":"https:\/\/www.pcnen.com\/portal\/wp-json\/wp\/v2\/posts"}],"about":[{"href":"https:\/\/www.pcnen.com\/portal\/wp-json\/wp\/v2\/types\/post"}],"author":[{"embeddable":true,"href":"https:\/\/www.pcnen.com\/portal\/wp-json\/wp\/v2\/users\/1"}],"replies":[{"embeddable":true,"href":"https:\/\/www.pcnen.com\/portal\/wp-json\/wp\/v2\/comments?post=354254"}],"version-history":[{"count":1,"href":"https:\/\/www.pcnen.com\/portal\/wp-json\/wp\/v2\/posts\/354254\/revisions"}],"predecessor-version":[{"id":354256,"href":"https:\/\/www.pcnen.com\/portal\/wp-json\/wp\/v2\/posts\/354254\/revisions\/354256"}],"wp:featuredmedia":[{"embeddable":true,"href":"https:\/\/www.pcnen.com\/portal\/wp-json\/wp\/v2\/media\/354255"}],"wp:attachment":[{"href":"https:\/\/www.pcnen.com\/portal\/wp-json\/wp\/v2\/media?parent=354254"}],"wp:term":[{"taxonomy":"category","embeddable":true,"href":"https:\/\/www.pcnen.com\/portal\/wp-json\/wp\/v2\/categories?post=354254"},{"taxonomy":"post_tag","embeddable":true,"href":"https:\/\/www.pcnen.com\/portal\/wp-json\/wp\/v2\/tags?post=354254"}],"curies":[{"name":"wp","href":"https:\/\/api.w.org\/{rel}","templated":true}]}}