{"id":354248,"date":"2022-09-02T12:29:02","date_gmt":"2022-09-02T10:29:02","guid":{"rendered":"https:\/\/www.pcnen.com\/portal\/?p=354248"},"modified":"2022-09-02T12:29:02","modified_gmt":"2022-09-02T10:29:02","slug":"samit-u-okviru-inicijative-otvoreni-balkan-video","status":"publish","type":"post","link":"https:\/\/www.pcnen.com\/portal\/2022\/09\/02\/samit-u-okviru-inicijative-otvoreni-balkan-video\/","title":{"rendered":"Samit u okviru inicijative Otvoreni Balkan (video)"},"content":{"rendered":"<p>Samitu prisustvuju i predsjednik Vlade Crne Gore Dritan Abazovi\u0107, predsjedavaju\u0107i Vije\u0107a ministara Bosne i Hercegovine Zoran Tegeltija, ministar spoljnih poslova i trgovine Ma\u0111arske Peter Sijarto i ministar spoljnih poslova Republike Turske Mevlut \u010cavu\u0161oglu.<\/p>\n<p><iframe loading=\"lazy\" title=\"YouTube video player\" src=\"https:\/\/www.youtube.com\/embed\/SPD5cw3n02g\" width=\"560\" height=\"315\" frameborder=\"0\" allowfullscreen=\"allowfullscreen\"><\/iframe><\/p>\n","protected":false},"excerpt":{"rendered":"<p>Predsjednik Republike Srbije Aleksandar Vu\u010di\u0107, predsjednik Vlade Republike Albanije Edi Rama i predsjednik Vlade Republike Sjeverne Makedonije Dimitar Kova\u010devski predsedavaju Samitom u okviru inicijative Otvoreni Balkan.<\/p>\n","protected":false},"author":1,"featured_media":335237,"comment_status":"open","ping_status":"closed","sticky":false,"template":"","format":"standard","meta":{"_seopress_robots_primary_cat":"","_seopress_titles_title":"","_seopress_titles_desc":"","_seopress_robots_index":"","_et_pb_use_builder":"","_et_pb_old_content":"","_et_gb_content_width":"","inline_featured_image":false,"footnotes":""},"categories":[14],"tags":[],"class_list":["post-354248","post","type-post","status-publish","format-standard","has-post-thumbnail","hentry","category-vijesti"],"_links":{"self":[{"href":"https:\/\/www.pcnen.com\/portal\/wp-json\/wp\/v2\/posts\/354248","targetHints":{"allow":["GET"]}}],"collection":[{"href":"https:\/\/www.pcnen.com\/portal\/wp-json\/wp\/v2\/posts"}],"about":[{"href":"https:\/\/www.pcnen.com\/portal\/wp-json\/wp\/v2\/types\/post"}],"author":[{"embeddable":true,"href":"https:\/\/www.pcnen.com\/portal\/wp-json\/wp\/v2\/users\/1"}],"replies":[{"embeddable":true,"href":"https:\/\/www.pcnen.com\/portal\/wp-json\/wp\/v2\/comments?post=354248"}],"version-history":[{"count":1,"href":"https:\/\/www.pcnen.com\/portal\/wp-json\/wp\/v2\/posts\/354248\/revisions"}],"predecessor-version":[{"id":354249,"href":"https:\/\/www.pcnen.com\/portal\/wp-json\/wp\/v2\/posts\/354248\/revisions\/354249"}],"wp:featuredmedia":[{"embeddable":true,"href":"https:\/\/www.pcnen.com\/portal\/wp-json\/wp\/v2\/media\/335237"}],"wp:attachment":[{"href":"https:\/\/www.pcnen.com\/portal\/wp-json\/wp\/v2\/media?parent=354248"}],"wp:term":[{"taxonomy":"category","embeddable":true,"href":"https:\/\/www.pcnen.com\/portal\/wp-json\/wp\/v2\/categories?post=354248"},{"taxonomy":"post_tag","embeddable":true,"href":"https:\/\/www.pcnen.com\/portal\/wp-json\/wp\/v2\/tags?post=354248"}],"curies":[{"name":"wp","href":"https:\/\/api.w.org\/{rel}","templated":true}]}}