{"id":354239,"date":"2022-09-02T11:22:42","date_gmt":"2022-09-02T09:22:42","guid":{"rendered":"https:\/\/www.pcnen.com\/portal\/?p=354239"},"modified":"2022-09-02T12:00:49","modified_gmt":"2022-09-02T10:00:49","slug":"poceo-satanak-parlamentarne-vecine-na-izborima-2020","status":"publish","type":"post","link":"https:\/\/www.pcnen.com\/portal\/2022\/09\/02\/poceo-satanak-parlamentarne-vecine-na-izborima-2020\/","title":{"rendered":"Po\u010deo sastanak parlamentarne ve\u0107ine na izborima 2020."},"content":{"rendered":"<p>Sastanku prisustvuju Andrija Mandi\u0107 (Nova), Petar Dra\u0161kovi\u0107 (Nova), Milan Kne\u017eevi\u0107 (DNP), Branko Radulovi\u0107 (PzP), Momo Korivica (Demokrate), Dragan Krapovi\u0107 (Demokrate), Danilo \u0160aranovi\u0107 (Demokrate), Zdenka Popovi\u0107 (Demokrate), Vladimir Jokovi\u0107 (SNP), Miodrag Leki\u0107 (Demos), Sr\u0111an Pavi\u0107evi\u0107 (CIVIS), Zoran Miki\u0107 (GP URA), Mileta Radovani\u0107 (GP URA), Goran Danilovi\u0107 (Ujedinjena Crna Gora), Marko Mila\u010di\u0107 (Prava Crna Gora) i Maksim Vu\u010dini\u0107 (Radni\u010dka partija).<\/p>\n<p>Demokrate uslovljavaju resetovanje odnosa &#8220;stare ve\u0107ine&#8221; razrje\u0161enjem \u0161efice parlamenta, dok iz SNP-a, \u010dija je \u0110urovi\u0107 funkcionerka, navode da im je to neprihvatljivo.<\/p>\n<p>Sastanak je organizovan na inicijativu Demokratskog fronta.<\/p>\n<p>Nakon sastanka, u 12 sati je zakazana sjednice Skup\u0161tine na kojoj \u0107e se raspravljati o inicijativi za smjenu predsjednice parlamenta Danijele \u0110urovi\u0107.<\/p>\n<blockquote class=\"wp-embedded-content\" data-secret=\"uuck9IxpUV\"><p><a href=\"https:\/\/www.pcnen.com\/portal\/2022\/08\/30\/mandic-pozvao-sam-nekadasnju-parlamentarnu-vecinu-da-se-sastanemo-2-septembra-uzivo\/\">Mandi\u0107: Pozvao sam nekada\u0161nju parlamentarnu ve\u0107inu da se sastanemo 2. septembra (u\u017eivo)<\/a><\/p><\/blockquote>\n<p><iframe loading=\"lazy\" class=\"wp-embedded-content\" sandbox=\"allow-scripts\" security=\"restricted\" style=\"position: absolute; clip: rect(1px, 1px, 1px, 1px);\" title=\"&#8220;Mandi\u0107: Pozvao sam nekada\u0161nju parlamentarnu ve\u0107inu da se sastanemo 2. septembra (u\u017eivo)&#8221; &#8212; PCNEN\" src=\"https:\/\/www.pcnen.com\/portal\/2022\/08\/30\/mandic-pozvao-sam-nekadasnju-parlamentarnu-vecinu-da-se-sastanemo-2-septembra-uzivo\/embed\/#?secret=gGwulnIGBc#?secret=uuck9IxpUV\" data-secret=\"uuck9IxpUV\" width=\"600\" height=\"338\" frameborder=\"0\" marginwidth=\"0\" marginheight=\"0\" scrolling=\"no\"><\/iframe><\/p>\n","protected":false},"excerpt":{"rendered":"<p>Po\u010deo je sastanak predstavnika partija koje su nakon izbora 2020. godine formirale skup\u0161tinsku ve\u0107inu, radi eventualnog dogovora o rje\u0161avanju politi\u010dke situacije u zemlji.\u00a0<\/p>\n","protected":false},"author":1,"featured_media":306187,"comment_status":"open","ping_status":"closed","sticky":false,"template":"","format":"standard","meta":{"_seopress_robots_primary_cat":"","_seopress_titles_title":"","_seopress_titles_desc":"","_seopress_robots_index":"","_et_pb_use_builder":"","_et_pb_old_content":"","_et_gb_content_width":"","inline_featured_image":false,"footnotes":""},"categories":[14],"tags":[],"class_list":["post-354239","post","type-post","status-publish","format-standard","has-post-thumbnail","hentry","category-vijesti"],"_links":{"self":[{"href":"https:\/\/www.pcnen.com\/portal\/wp-json\/wp\/v2\/posts\/354239","targetHints":{"allow":["GET"]}}],"collection":[{"href":"https:\/\/www.pcnen.com\/portal\/wp-json\/wp\/v2\/posts"}],"about":[{"href":"https:\/\/www.pcnen.com\/portal\/wp-json\/wp\/v2\/types\/post"}],"author":[{"embeddable":true,"href":"https:\/\/www.pcnen.com\/portal\/wp-json\/wp\/v2\/users\/1"}],"replies":[{"embeddable":true,"href":"https:\/\/www.pcnen.com\/portal\/wp-json\/wp\/v2\/comments?post=354239"}],"version-history":[{"count":5,"href":"https:\/\/www.pcnen.com\/portal\/wp-json\/wp\/v2\/posts\/354239\/revisions"}],"predecessor-version":[{"id":354245,"href":"https:\/\/www.pcnen.com\/portal\/wp-json\/wp\/v2\/posts\/354239\/revisions\/354245"}],"wp:featuredmedia":[{"embeddable":true,"href":"https:\/\/www.pcnen.com\/portal\/wp-json\/wp\/v2\/media\/306187"}],"wp:attachment":[{"href":"https:\/\/www.pcnen.com\/portal\/wp-json\/wp\/v2\/media?parent=354239"}],"wp:term":[{"taxonomy":"category","embeddable":true,"href":"https:\/\/www.pcnen.com\/portal\/wp-json\/wp\/v2\/categories?post=354239"},{"taxonomy":"post_tag","embeddable":true,"href":"https:\/\/www.pcnen.com\/portal\/wp-json\/wp\/v2\/tags?post=354239"}],"curies":[{"name":"wp","href":"https:\/\/api.w.org\/{rel}","templated":true}]}}