{"id":354230,"date":"2022-09-02T09:08:04","date_gmt":"2022-09-02T07:08:04","guid":{"rendered":"https:\/\/www.pcnen.com\/portal\/?p=354230"},"modified":"2022-09-02T09:08:04","modified_gmt":"2022-09-02T07:08:04","slug":"hra-hitno-i-odlucno-kaznjavati-prijetnje-smrcu-zbog-izrazavanja-misljenja","status":"publish","type":"post","link":"https:\/\/www.pcnen.com\/portal\/2022\/09\/02\/hra-hitno-i-odlucno-kaznjavati-prijetnje-smrcu-zbog-izrazavanja-misljenja\/","title":{"rendered":"HRA: Hitno i odlu\u010dno ka\u017enjavati prijetnje smr\u0107u zbog izra\u017eavanja mi\u0161ljenja"},"content":{"rendered":"<p>Prijetnje su upu\u0107ene preko dru\u0161tvene mre\u017ee Instagram zbog, kako navodi \u00a0HRA \u201cnjihovog javno izra\u017eenog mi\u0161ljenja\u201d.<\/p>\n<p>Njima je prijetila osoba \u201ckoja se fotografisala naoru\u017eana, rije\u010dima &#8220;U lov na vepra kroz Budvu, Ljuba i Stevana Filipovi\u0107a&#8221;.<\/p>\n<p>\u201cIzostanak hitne i odlu\u010dne reakcije svih nadle\u017enih organa mo\u017ee samo da ohrabri pozivanje na nasilje prema ljudima zbog njihovog mi\u0161ljenja, \u0161to je apsolutno nezakonito i neprihvatljivo u demokratskom dru\u0161tvu. Dr\u017eava mora odbraniti pravo na slobodu izra\u017eavanja od onih koji bi da ga satru oru\u017ejem. Na korak smo od primjene fizi\u010dkog nasilja protiv neistomi\u0161ljenika i to se odlu\u010dno mora sprije\u010diti.<\/p>\n<p>Posebno zabrinjava \u010dinjenica koju je saop\u0161tio Ljubomir Filipovi\u0107 da je prve sli\u010dne prijetnje dobio jo\u0161 prije mjesec dana, kada ih je i prijavio Upravi policije, nadle\u017enim tu\u017eila\u0161tvima i Ministarstvu unutra\u0161njih poslova, a da je od preksino\u0107 prijetnjama obuhva\u0107en i reditelj iz Beograda Stevan Filipovi\u0107\u201d, navodi se u saop\u0161tenju HRA.<\/p>\n","protected":false},"excerpt":{"rendered":"<p>Akcija za ljudska prava (HRA) je saop\u0161tila da je ju\u010de apelovala na vr\u0161iteljku du\u017enosti Vrhovnog dr\u017eavnog tu\u017eioca Maju Jovanovi\u0107, ministra unutra\u0161njih poslova Filipa Ad\u017ei\u0107a i direktora Uprave policije Zorana Br\u0111anina, \u201cda se hitno i ozbiljno istra\u017ee i procesuiraju direktne prijetnje smr\u0107u koje su upu\u0107ene Ljubomiru Filipovi\u0107u, politi\u010dkom analiti\u010daru i izvr\u0161nom koordinatoru Gra\u0111anske inicijative 21. maj i reditelju Stevanu Filipovi\u0107u\u201d.<\/p>\n","protected":false},"author":1,"featured_media":283016,"comment_status":"open","ping_status":"closed","sticky":false,"template":"","format":"standard","meta":{"_seopress_robots_primary_cat":"","_seopress_titles_title":"","_seopress_titles_desc":"","_seopress_robots_index":"","_et_pb_use_builder":"","_et_pb_old_content":"","_et_gb_content_width":"","inline_featured_image":false,"footnotes":""},"categories":[14],"tags":[1223],"class_list":["post-354230","post","type-post","status-publish","format-standard","has-post-thumbnail","hentry","category-vijesti","tag-akcija-za-ljudska-prava"],"_links":{"self":[{"href":"https:\/\/www.pcnen.com\/portal\/wp-json\/wp\/v2\/posts\/354230","targetHints":{"allow":["GET"]}}],"collection":[{"href":"https:\/\/www.pcnen.com\/portal\/wp-json\/wp\/v2\/posts"}],"about":[{"href":"https:\/\/www.pcnen.com\/portal\/wp-json\/wp\/v2\/types\/post"}],"author":[{"embeddable":true,"href":"https:\/\/www.pcnen.com\/portal\/wp-json\/wp\/v2\/users\/1"}],"replies":[{"embeddable":true,"href":"https:\/\/www.pcnen.com\/portal\/wp-json\/wp\/v2\/comments?post=354230"}],"version-history":[{"count":1,"href":"https:\/\/www.pcnen.com\/portal\/wp-json\/wp\/v2\/posts\/354230\/revisions"}],"predecessor-version":[{"id":354231,"href":"https:\/\/www.pcnen.com\/portal\/wp-json\/wp\/v2\/posts\/354230\/revisions\/354231"}],"wp:featuredmedia":[{"embeddable":true,"href":"https:\/\/www.pcnen.com\/portal\/wp-json\/wp\/v2\/media\/283016"}],"wp:attachment":[{"href":"https:\/\/www.pcnen.com\/portal\/wp-json\/wp\/v2\/media?parent=354230"}],"wp:term":[{"taxonomy":"category","embeddable":true,"href":"https:\/\/www.pcnen.com\/portal\/wp-json\/wp\/v2\/categories?post=354230"},{"taxonomy":"post_tag","embeddable":true,"href":"https:\/\/www.pcnen.com\/portal\/wp-json\/wp\/v2\/tags?post=354230"}],"curies":[{"name":"wp","href":"https:\/\/api.w.org\/{rel}","templated":true}]}}