{"id":354228,"date":"2022-09-02T08:38:26","date_gmt":"2022-09-02T06:38:26","guid":{"rendered":"https:\/\/www.pcnen.com\/portal\/?p=354228"},"modified":"2022-09-02T08:38:26","modified_gmt":"2022-09-02T06:38:26","slug":"potpredsjednica-argentine-izbjegla-atentat-video","status":"publish","type":"post","link":"https:\/\/www.pcnen.com\/portal\/2022\/09\/02\/potpredsjednica-argentine-izbjegla-atentat-video\/","title":{"rendered":"Potpredsjednica Argentine izbjegla atentat (video)"},"content":{"rendered":"<p>Osumnji\u010denog, koji je uhap\u0161en, argentinska zvani\u010dna novinska agencija Telam je identifikovala kao brazilskog dr\u017eavljanina Fernanda Andresa Zabaka.<br \/>\nPoku\u0161aj atentata se dogodio tokom mitinga pristalica potpredsjednice De Kir\u0161ner.<\/p>\n<p>Mitinzi se odr\u017eavaju ispred njene ku\u0107e ve\u0107 nekoliko dana, kao odgovor na su\u0111enje koje je u toku u kojem je optu\u017eena za korupciju, prenose inostrani mediji.<\/p>\n<p><iframe loading=\"lazy\" title=\"\ud83d\udfe3 AHORA   El video del arma con que un hombre intent\u00f3 atentar contra Cristina Kirchner V\u00eda @Lautar\" width=\"1080\" height=\"810\" src=\"https:\/\/www.youtube.com\/embed\/7SOelJcs8PA?feature=oembed\" frameborder=\"0\" allow=\"accelerometer; autoplay; clipboard-write; encrypted-media; gyroscope; picture-in-picture; web-share\" allowfullscreen><\/iframe><\/p>\n<p>&nbsp;<\/p>\n<p><iframe loading=\"lazy\" title=\"\ud83d\udfe3 AHORA   El video del arma con que un hombre intent\u00f3 atentar contra Cristina Kirchner V\u00eda @Lautar\" width=\"1080\" height=\"810\" src=\"https:\/\/www.youtube.com\/embed\/7SOelJcs8PA?feature=oembed\" frameborder=\"0\" allow=\"accelerometer; autoplay; clipboard-write; encrypted-media; gyroscope; picture-in-picture; web-share\" allowfullscreen><\/iframe><\/p>\n<p>&nbsp;<\/p>\n","protected":false},"excerpt":{"rendered":"<p>Potpredsednica Argentine Kristina Fernandes de Kir\u0161ner je imala sre\u0107e \u2013 atentatoru se hitac zaglavio u cijevi pi\u0161tolja.<\/p>\n","protected":false},"author":1,"featured_media":297651,"comment_status":"open","ping_status":"closed","sticky":false,"template":"","format":"standard","meta":{"_seopress_robots_primary_cat":"","_seopress_titles_title":"","_seopress_titles_desc":"","_seopress_robots_index":"","_et_pb_use_builder":"","_et_pb_old_content":"","_et_gb_content_width":"","inline_featured_image":false,"footnotes":""},"categories":[14],"tags":[2328,694],"class_list":["post-354228","post","type-post","status-publish","format-standard","has-post-thumbnail","hentry","category-vijesti","tag-argentina","tag-atentat"],"_links":{"self":[{"href":"https:\/\/www.pcnen.com\/portal\/wp-json\/wp\/v2\/posts\/354228","targetHints":{"allow":["GET"]}}],"collection":[{"href":"https:\/\/www.pcnen.com\/portal\/wp-json\/wp\/v2\/posts"}],"about":[{"href":"https:\/\/www.pcnen.com\/portal\/wp-json\/wp\/v2\/types\/post"}],"author":[{"embeddable":true,"href":"https:\/\/www.pcnen.com\/portal\/wp-json\/wp\/v2\/users\/1"}],"replies":[{"embeddable":true,"href":"https:\/\/www.pcnen.com\/portal\/wp-json\/wp\/v2\/comments?post=354228"}],"version-history":[{"count":1,"href":"https:\/\/www.pcnen.com\/portal\/wp-json\/wp\/v2\/posts\/354228\/revisions"}],"predecessor-version":[{"id":354229,"href":"https:\/\/www.pcnen.com\/portal\/wp-json\/wp\/v2\/posts\/354228\/revisions\/354229"}],"wp:featuredmedia":[{"embeddable":true,"href":"https:\/\/www.pcnen.com\/portal\/wp-json\/wp\/v2\/media\/297651"}],"wp:attachment":[{"href":"https:\/\/www.pcnen.com\/portal\/wp-json\/wp\/v2\/media?parent=354228"}],"wp:term":[{"taxonomy":"category","embeddable":true,"href":"https:\/\/www.pcnen.com\/portal\/wp-json\/wp\/v2\/categories?post=354228"},{"taxonomy":"post_tag","embeddable":true,"href":"https:\/\/www.pcnen.com\/portal\/wp-json\/wp\/v2\/tags?post=354228"}],"curies":[{"name":"wp","href":"https:\/\/api.w.org\/{rel}","templated":true}]}}