{"id":354205,"date":"2022-09-01T20:49:24","date_gmt":"2022-09-01T18:49:24","guid":{"rendered":"https:\/\/www.pcnen.com\/portal\/?p=354205"},"modified":"2022-09-01T20:49:24","modified_gmt":"2022-09-01T18:49:24","slug":"bs-razumijemo-frustraciju-bojanica","status":"publish","type":"post","link":"https:\/\/www.pcnen.com\/portal\/2022\/09\/01\/bs-razumijemo-frustraciju-bojanica\/","title":{"rendered":"BS: Razumijemo frustraciju Bojani\u0107a"},"content":{"rendered":"<p>Kako isti\u010du, misle da je to ljudski i korektno.<\/p>\n<p>\u201cSada udrite Mladene, mi se moramo posvetiti popravljanju onoga \u0161to ste uni\u0161tili, nadokna\u0111ivanju onoga \u0161to ste propustili i stabilizaciji dru\u0161tva koje ste destabilizovali. Na prizemne li\u010dne kvalifikacije se, iz pristojnosti i potrebe da i javni diskurs vratimo na primjeren nivo, ne\u0107emo obazirati, ali Vam i tu mo\u017eemo obe\u0107ati da Vam ne\u0107emo dozvoliti da nas uvu\u010dete u blato jer biste nas tamo, sugurno, pobijedili\u201d, poru\u010duju iz BS.<\/p>\n<blockquote class=\"wp-embedded-content\" data-secret=\"Fy0LIpHLZe\"><p><a href=\"https:\/\/www.pcnen.com\/portal\/2022\/09\/01\/bojanic-ibrahimovic-premijer-ni-u-kakvoj-suludoj-kombinaciji\/\">Bojani\u0107: Ibrahimovi\u0107 premijer &#8211; ni u kakvoj suludoj kombinaciji<\/a><\/p><\/blockquote>\n<p><iframe loading=\"lazy\" class=\"wp-embedded-content\" sandbox=\"allow-scripts\" security=\"restricted\" style=\"position: absolute; clip: rect(1px, 1px, 1px, 1px);\" title=\"&#8220;Bojani\u0107: Ibrahimovi\u0107 premijer &#8211; ni u kakvoj suludoj kombinaciji&#8221; &#8212; PCNEN\" src=\"https:\/\/www.pcnen.com\/portal\/2022\/09\/01\/bojanic-ibrahimovic-premijer-ni-u-kakvoj-suludoj-kombinaciji\/embed\/#?secret=2tMyWpuQJn#?secret=Fy0LIpHLZe\" data-secret=\"Fy0LIpHLZe\" width=\"600\" height=\"338\" frameborder=\"0\" marginwidth=\"0\" marginheight=\"0\" scrolling=\"no\"><\/iframe><\/p>\n","protected":false},"excerpt":{"rendered":"<p>\u201cIako jasno prepoznajemo njegovu namjeru da se iz duboke nebitnosti izbori za pola sata \u2018bitnosti\u2019, duboko uvjereni da to ne\u0107e izlije\u010diti akumuliranu frustraciju sa primjesama ozbiljne mr\u017enje, kao razumni, dare\u017eljivi i merhametli ljudi svjesno mu nudimo jo\u0161 pola sata \u2018bitnosti ali ne mo\u017eemo vi\u0161e od toga\u201d, navode iz Bo\u0161nja\u010dke stranke, reaguju\u0107i na poruku Mladena Bojani\u0107a u kojoj se usprotivio ideji da lider Bo\u0161nja\u010dke stranke Ervin Ibrahimovi\u0107 dobije mandat za sastav nove vlade.<\/p>\n","protected":false},"author":1,"featured_media":301546,"comment_status":"open","ping_status":"closed","sticky":false,"template":"","format":"standard","meta":{"_seopress_robots_primary_cat":"","_seopress_titles_title":"","_seopress_titles_desc":"","_seopress_robots_index":"","_et_pb_use_builder":"","_et_pb_old_content":"","_et_gb_content_width":"","inline_featured_image":false,"footnotes":""},"categories":[14],"tags":[],"class_list":["post-354205","post","type-post","status-publish","format-standard","has-post-thumbnail","hentry","category-vijesti"],"_links":{"self":[{"href":"https:\/\/www.pcnen.com\/portal\/wp-json\/wp\/v2\/posts\/354205","targetHints":{"allow":["GET"]}}],"collection":[{"href":"https:\/\/www.pcnen.com\/portal\/wp-json\/wp\/v2\/posts"}],"about":[{"href":"https:\/\/www.pcnen.com\/portal\/wp-json\/wp\/v2\/types\/post"}],"author":[{"embeddable":true,"href":"https:\/\/www.pcnen.com\/portal\/wp-json\/wp\/v2\/users\/1"}],"replies":[{"embeddable":true,"href":"https:\/\/www.pcnen.com\/portal\/wp-json\/wp\/v2\/comments?post=354205"}],"version-history":[{"count":1,"href":"https:\/\/www.pcnen.com\/portal\/wp-json\/wp\/v2\/posts\/354205\/revisions"}],"predecessor-version":[{"id":354206,"href":"https:\/\/www.pcnen.com\/portal\/wp-json\/wp\/v2\/posts\/354205\/revisions\/354206"}],"wp:featuredmedia":[{"embeddable":true,"href":"https:\/\/www.pcnen.com\/portal\/wp-json\/wp\/v2\/media\/301546"}],"wp:attachment":[{"href":"https:\/\/www.pcnen.com\/portal\/wp-json\/wp\/v2\/media?parent=354205"}],"wp:term":[{"taxonomy":"category","embeddable":true,"href":"https:\/\/www.pcnen.com\/portal\/wp-json\/wp\/v2\/categories?post=354205"},{"taxonomy":"post_tag","embeddable":true,"href":"https:\/\/www.pcnen.com\/portal\/wp-json\/wp\/v2\/tags?post=354205"}],"curies":[{"name":"wp","href":"https:\/\/api.w.org\/{rel}","templated":true}]}}