{"id":354203,"date":"2022-09-02T14:10:00","date_gmt":"2022-09-02T12:10:00","guid":{"rendered":"https:\/\/www.pcnen.com\/portal\/?p=354203"},"modified":"2022-09-02T14:35:32","modified_gmt":"2022-09-02T12:35:32","slug":"skupstina-cg-se-danas-nece-izjasnjavati-o-razrjesenju-predsjednice-uzivo","status":"publish","type":"post","link":"https:\/\/www.pcnen.com\/portal\/2022\/09\/02\/skupstina-cg-se-danas-nece-izjasnjavati-o-razrjesenju-predsjednice-uzivo\/","title":{"rendered":"Skup\u0161tina CG se danas ne\u0107e izja\u0161njavati o razrje\u0161enju predsjednice? (u\u017eivo)"},"content":{"rendered":"<p>To su, nakon potpisivanja sporazuma, stavili do znanja iz Socijalisti\u010dke narodne partije i URA.<\/p>\n<p>Vanredna sjednica Skup\u0161tine je trebala da po\u010dne u 12.00 sati.<\/p>\n<blockquote><p>U obrazlo\u017eenju inicijative za smjenu \u0110urovi\u0107\u00a0 je navedeno osnovna obaveza predsjednika Skup\u0161tine da dosljedno sprovodi norme koje propisuju Ustav, zakon i parlamentarni Poslovnik.<\/p>\n<p>Ocjenjuje se da je predsjedavanje \u0110urovi\u0107 obilje\u017eilo kontinuirano kr\u0161enje akata kojima se ure\u0111uje na\u010din funkcionisanja Skup\u0161tine.<\/p>\n<p>&#8220;Nedopustivo je da onaj ko je zadu\u017een da se stara o doslednom sprovo\u0111enju procedura u najvi\u0161em zakonodavnom domu, kr\u0161i iste, sprovodi anarhiju, onemogu\u0107ava zapo\u010deti dljalog o deblokadi instituclja u pravosu\u0111u, tu\u017eila\u0161tvu i izradi izbornog zakonodavstva, direktno ugro\u017eavaju\u0107i evropski put Crne Gore&#8221;, ka\u017ee se u predlogu.<\/p>\n<p>Podsje\u0107a se na to da je \u0110urovi\u0107 na sjednici Savjeta za odbranu i bezbjednost svojim glasom presudno uticala da se smijeni prethodni na\u010delnik General\u0161taba Vojske Crne Gore.<\/p><\/blockquote>\n<blockquote class=\"wp-embedded-content\" data-secret=\"6FcDCdlRE2\"><p><a href=\"https:\/\/www.pcnen.com\/portal\/2022\/09\/02\/stara-parlamentarna-vecina-postigla-sporazum-video\/\">Stara parlamentarna ve\u0107ina postigla sporazum (video)<\/a><\/p><\/blockquote>\n<p><iframe loading=\"lazy\" class=\"wp-embedded-content\" sandbox=\"allow-scripts\" security=\"restricted\" style=\"position: absolute; clip: rect(1px, 1px, 1px, 1px);\" title=\"&#8220;Stara parlamentarna ve\u0107ina postigla sporazum (video)&#8221; &#8212; PCNEN\" src=\"https:\/\/www.pcnen.com\/portal\/2022\/09\/02\/stara-parlamentarna-vecina-postigla-sporazum-video\/embed\/#?secret=ynL10D9YiB#?secret=6FcDCdlRE2\" data-secret=\"6FcDCdlRE2\" width=\"600\" height=\"338\" frameborder=\"0\" marginwidth=\"0\" marginheight=\"0\" scrolling=\"no\"><\/iframe><\/p>\n<p><iframe loading=\"lazy\" title=\"YouTube video player\" src=\"https:\/\/www.youtube.com\/embed\/C-Im3duddtA\" width=\"560\" height=\"315\" frameborder=\"0\" allowfullscreen=\"allowfullscreen\"><\/iframe><\/p>\n<p>&nbsp;<\/p>\n<blockquote class=\"wp-embedded-content\" data-secret=\"nCuqnLE4f9\"><p><a href=\"https:\/\/www.pcnen.com\/portal\/2022\/08\/17\/podnijeta-inicijativa-za-razrjesenje-predsjednice-parlamenta\/\">Podnijeta inicijativa za razrje\u0161enje predsjednice parlamenta<\/a><\/p><\/blockquote>\n<p><iframe loading=\"lazy\" class=\"wp-embedded-content\" sandbox=\"allow-scripts\" security=\"restricted\" style=\"position: absolute; clip: rect(1px, 1px, 1px, 1px);\" title=\"&#8220;Podnijeta inicijativa za razrje\u0161enje predsjednice parlamenta&#8221; &#8212; PCNEN\" src=\"https:\/\/www.pcnen.com\/portal\/2022\/08\/17\/podnijeta-inicijativa-za-razrjesenje-predsjednice-parlamenta\/embed\/#?secret=7yxB1PA8YI#?secret=nCuqnLE4f9\" data-secret=\"nCuqnLE4f9\" width=\"600\" height=\"338\" frameborder=\"0\" marginwidth=\"0\" marginheight=\"0\" scrolling=\"no\"><\/iframe><\/p>\n","protected":false},"excerpt":{"rendered":"<p>Uslov da sporazum koji je danas postigla stara parlamentarna ve\u0107ina ostane na snazi je da se povu\u010de inicijativu za razrje\u0161enje Danijele \u0110urovi\u0107 (SNP) koji su potpisali poslani\u010dki klubovi:  Demokratski front (DF) \u2013 Nova srpska demokratija, Demokratska narodna i Radni\u010dka partija, Demokrate-Demos, DF &#8211; Pokret za promjene, Ujedinjene i Prave Crne Gore.<\/p>\n","protected":false},"author":1,"featured_media":0,"comment_status":"open","ping_status":"closed","sticky":false,"template":"","format":"standard","meta":{"_seopress_robots_primary_cat":"","_seopress_titles_title":"","_seopress_titles_desc":"","_seopress_robots_index":"","_et_pb_use_builder":"","_et_pb_old_content":"","_et_gb_content_width":"","inline_featured_image":false,"footnotes":""},"categories":[14],"tags":[],"class_list":["post-354203","post","type-post","status-publish","format-standard","hentry","category-vijesti"],"_links":{"self":[{"href":"https:\/\/www.pcnen.com\/portal\/wp-json\/wp\/v2\/posts\/354203","targetHints":{"allow":["GET"]}}],"collection":[{"href":"https:\/\/www.pcnen.com\/portal\/wp-json\/wp\/v2\/posts"}],"about":[{"href":"https:\/\/www.pcnen.com\/portal\/wp-json\/wp\/v2\/types\/post"}],"author":[{"embeddable":true,"href":"https:\/\/www.pcnen.com\/portal\/wp-json\/wp\/v2\/users\/1"}],"replies":[{"embeddable":true,"href":"https:\/\/www.pcnen.com\/portal\/wp-json\/wp\/v2\/comments?post=354203"}],"version-history":[{"count":8,"href":"https:\/\/www.pcnen.com\/portal\/wp-json\/wp\/v2\/posts\/354203\/revisions"}],"predecessor-version":[{"id":354272,"href":"https:\/\/www.pcnen.com\/portal\/wp-json\/wp\/v2\/posts\/354203\/revisions\/354272"}],"wp:attachment":[{"href":"https:\/\/www.pcnen.com\/portal\/wp-json\/wp\/v2\/media?parent=354203"}],"wp:term":[{"taxonomy":"category","embeddable":true,"href":"https:\/\/www.pcnen.com\/portal\/wp-json\/wp\/v2\/categories?post=354203"},{"taxonomy":"post_tag","embeddable":true,"href":"https:\/\/www.pcnen.com\/portal\/wp-json\/wp\/v2\/tags?post=354203"}],"curies":[{"name":"wp","href":"https:\/\/api.w.org\/{rel}","templated":true}]}}