{"id":354197,"date":"2022-09-01T19:45:08","date_gmt":"2022-09-01T17:45:08","guid":{"rendered":"https:\/\/www.pcnen.com\/portal\/?p=354197"},"modified":"2022-09-01T19:45:29","modified_gmt":"2022-09-01T17:45:29","slug":"poljska-trazi-od-njemacke-odstetu-za-drugi-svjetski-rat","status":"publish","type":"post","link":"https:\/\/www.pcnen.com\/portal\/2022\/09\/01\/poljska-trazi-od-njemacke-odstetu-za-drugi-svjetski-rat\/","title":{"rendered":"Poljska tra\u017ei od Njema\u010dke od\u0161tetu za Drugi svjetski rat"},"content":{"rendered":"<p>&#8220;Stav njema\u010dke vlade je nepromijenjen, pitanje reparacija je zaklju\u010deno&#8221;, naveo je portparol njema\u010dkog ministarstva u mejlu, prenio je Rojters.<\/p>\n<p>On je dodao da se Poljska odrekla reparacija 1953. godine.<\/p>\n<p>&#8220;Ovo je osnova dana\u0161njeg evropskog poretka. Njema\u010dka stoji iza svoje politi\u010dke i moralne odgovornosti za Drugi svjetski rat&#8221;, dodao je portparol.<\/p>\n<p>Poljska je odlu\u010dila da zvani\u010dno zatra\u017ei od\u0161tetu od Njema\u010dke zbog Drugog svjetskog rata i procjenjuje da je \u0161teta koju joj je Njema\u010dka nanijela u Drugom svjetskom ratu oko 1,32 biliona dolara, rekao je ranije danas lider vladaju\u0107e poljske partije Zakon i pravda Jaroslav Ka\u010dinski.<\/p>\n","protected":false},"excerpt":{"rendered":"<p>Njema\u010dko ministarstvo spoljnih poslova, poru\u010dilo je danas, povodom najava Var\u0161ave da \u0107e tra\u017eiti od\u0161tetu od Berlina u iznosu od 1,32 biliona dolara za gubitke u Drugom svjetskom ratu, da je to pitanje zaklju\u010deno kao i da se Poljska tog zahtjeva davno odrekla.<\/p>\n","protected":false},"author":1,"featured_media":354198,"comment_status":"open","ping_status":"closed","sticky":false,"template":"","format":"standard","meta":{"_seopress_robots_primary_cat":"","_seopress_titles_title":"","_seopress_titles_desc":"","_seopress_robots_index":"","_et_pb_use_builder":"","_et_pb_old_content":"","_et_gb_content_width":"","inline_featured_image":false,"footnotes":""},"categories":[14],"tags":[],"class_list":["post-354197","post","type-post","status-publish","format-standard","has-post-thumbnail","hentry","category-vijesti"],"_links":{"self":[{"href":"https:\/\/www.pcnen.com\/portal\/wp-json\/wp\/v2\/posts\/354197","targetHints":{"allow":["GET"]}}],"collection":[{"href":"https:\/\/www.pcnen.com\/portal\/wp-json\/wp\/v2\/posts"}],"about":[{"href":"https:\/\/www.pcnen.com\/portal\/wp-json\/wp\/v2\/types\/post"}],"author":[{"embeddable":true,"href":"https:\/\/www.pcnen.com\/portal\/wp-json\/wp\/v2\/users\/1"}],"replies":[{"embeddable":true,"href":"https:\/\/www.pcnen.com\/portal\/wp-json\/wp\/v2\/comments?post=354197"}],"version-history":[{"count":2,"href":"https:\/\/www.pcnen.com\/portal\/wp-json\/wp\/v2\/posts\/354197\/revisions"}],"predecessor-version":[{"id":354200,"href":"https:\/\/www.pcnen.com\/portal\/wp-json\/wp\/v2\/posts\/354197\/revisions\/354200"}],"wp:featuredmedia":[{"embeddable":true,"href":"https:\/\/www.pcnen.com\/portal\/wp-json\/wp\/v2\/media\/354198"}],"wp:attachment":[{"href":"https:\/\/www.pcnen.com\/portal\/wp-json\/wp\/v2\/media?parent=354197"}],"wp:term":[{"taxonomy":"category","embeddable":true,"href":"https:\/\/www.pcnen.com\/portal\/wp-json\/wp\/v2\/categories?post=354197"},{"taxonomy":"post_tag","embeddable":true,"href":"https:\/\/www.pcnen.com\/portal\/wp-json\/wp\/v2\/tags?post=354197"}],"curies":[{"name":"wp","href":"https:\/\/api.w.org\/{rel}","templated":true}]}}