{"id":354185,"date":"2022-09-01T16:14:22","date_gmt":"2022-09-01T14:14:22","guid":{"rendered":"https:\/\/www.pcnen.com\/portal\/?p=354185"},"modified":"2022-09-01T16:19:35","modified_gmt":"2022-09-01T14:19:35","slug":"abazovic-vladu-da-prave-oni-koji-su-je-srusili-video","status":"publish","type":"post","link":"https:\/\/www.pcnen.com\/portal\/2022\/09\/01\/abazovic-vladu-da-prave-oni-koji-su-je-srusili-video\/","title":{"rendered":"Abazovi\u0107: Vladu da prave oni koji su je sru\u0161ili (video)"},"content":{"rendered":"<p>Zbog obaveza u glavnom gradu Srbije na sastanak ne\u0107e i\u0107i Abazovi\u0107.<\/p>\n<p>&#8220;Bilo bi logi\u010dno da oni koji su sru\u0161ili Vladu je i naprave&#8221;, poru\u010dio je Abazovi\u0107 i dodao kako ne prihvata tezu da je Vlada sru\u0161ena bez plana. Ka\u017ee i da URA, uprkos svemu zala\u017ee za dijalog.<\/p>\n<p>&#8220;Ali \u017eelim da naglasim da \u0161to se GP URA ti\u010de koliko je va\u017eno da sjednemo zajedno i da vidimo da li \u0107e vlada i u kojem mandatu da nastavi, ili \u0107e biti neka nova vlada, isto toliko je va\u017eno da se dogovorimo oko datuma vanrednih parlamentarnih izbora, kao i oko Ustavnog suda i Sudskog savjeta. Da stvorimo uslove za te izbore&#8221;, naveo je Abazovi\u0107 novinarima u Beogradu nakon otvaranja prvog me\u0111unarodnog sajma vina &#8220;Vinska vizija Otvorenog Balkana&#8221; u okviru inicijative &#8220;Otvoreni Balkan&#8221;..<\/p>\n<p>Na pitanju postoji li mogu\u0107nost da se Demokrate, DF i URA dogovore, on je kazao da postoji.<\/p>\n<p>&#8220;Ali kako da resetujemo odnose ako se sjutra smijeni predsjednica Skup\u0161tine&#8221;, pitao je Abazovi\u0107 i dodao da se gubi vrijeme, ali i da nema ni\u0161ta protiv da se mandat vrati gra\u0111anima.<\/p>\n<p>&#8220;Gra\u0111ani treba da znaju da nas \u010deka te\u0161ka jesen&#8221;, poru\u010dio je premijer.<\/p>\n<p><iframe loading=\"lazy\" style=\"border: none; overflow: hidden;\" src=\"https:\/\/www.facebook.com\/plugins\/video.php?height=476&amp;href=https%3A%2F%2Fwww.facebook.com%2Fabazovicdritan%2Fvideos%2F1024618058233901%2F&amp;show_text=false&amp;width=267&amp;t=0\" width=\"267\" height=\"476\" frameborder=\"0\" scrolling=\"no\" allowfullscreen=\"allowfullscreen\"><\/iframe><\/p>\n","protected":false},"excerpt":{"rendered":"<p>Sjutra\u0161njem sastanku parlamentarne ve\u0107ine od avgusta 2020. prisustvova\u0107e neko od predstavnika GP URA, saop\u0161tio je lider te partije i predsjednik Vlade Dritan Abazovi\u0107, novinarima u Beogradu.<\/p>\n","protected":false},"author":1,"featured_media":301358,"comment_status":"open","ping_status":"closed","sticky":false,"template":"","format":"standard","meta":{"_seopress_robots_primary_cat":"","_seopress_titles_title":"","_seopress_titles_desc":"","_seopress_robots_index":"","_et_pb_use_builder":"","_et_pb_old_content":"","_et_gb_content_width":"","inline_featured_image":false,"footnotes":""},"categories":[14],"tags":[],"class_list":["post-354185","post","type-post","status-publish","format-standard","has-post-thumbnail","hentry","category-vijesti"],"_links":{"self":[{"href":"https:\/\/www.pcnen.com\/portal\/wp-json\/wp\/v2\/posts\/354185","targetHints":{"allow":["GET"]}}],"collection":[{"href":"https:\/\/www.pcnen.com\/portal\/wp-json\/wp\/v2\/posts"}],"about":[{"href":"https:\/\/www.pcnen.com\/portal\/wp-json\/wp\/v2\/types\/post"}],"author":[{"embeddable":true,"href":"https:\/\/www.pcnen.com\/portal\/wp-json\/wp\/v2\/users\/1"}],"replies":[{"embeddable":true,"href":"https:\/\/www.pcnen.com\/portal\/wp-json\/wp\/v2\/comments?post=354185"}],"version-history":[{"count":3,"href":"https:\/\/www.pcnen.com\/portal\/wp-json\/wp\/v2\/posts\/354185\/revisions"}],"predecessor-version":[{"id":354188,"href":"https:\/\/www.pcnen.com\/portal\/wp-json\/wp\/v2\/posts\/354185\/revisions\/354188"}],"wp:featuredmedia":[{"embeddable":true,"href":"https:\/\/www.pcnen.com\/portal\/wp-json\/wp\/v2\/media\/301358"}],"wp:attachment":[{"href":"https:\/\/www.pcnen.com\/portal\/wp-json\/wp\/v2\/media?parent=354185"}],"wp:term":[{"taxonomy":"category","embeddable":true,"href":"https:\/\/www.pcnen.com\/portal\/wp-json\/wp\/v2\/categories?post=354185"},{"taxonomy":"post_tag","embeddable":true,"href":"https:\/\/www.pcnen.com\/portal\/wp-json\/wp\/v2\/tags?post=354185"}],"curies":[{"name":"wp","href":"https:\/\/api.w.org\/{rel}","templated":true}]}}