{"id":354162,"date":"2022-09-01T10:38:50","date_gmt":"2022-09-01T08:38:50","guid":{"rendered":"https:\/\/www.pcnen.com\/portal\/?p=354162"},"modified":"2022-09-01T10:39:26","modified_gmt":"2022-09-01T08:39:26","slug":"bilcik-cg-trenutno-stopirana-na-evropskom-putu","status":"publish","type":"post","link":"https:\/\/www.pcnen.com\/portal\/2022\/09\/01\/bilcik-cg-trenutno-stopirana-na-evropskom-putu\/","title":{"rendered":"Bil\u010dik: CG trenutno stopirana na evropskom putu"},"content":{"rendered":"<p>On je za Radio Slobodna Evropa rekao da me\u0111unarodni partneri mogu da pomognu Crnoj Gori da rije\u0161i politi\u010dku i institucionalnu krizu, ali ne mogu da donose odluke umjesto njih.<\/p>\n<p>Bil\u010dik je upozorio da je Crna Gora, nekada\u0161nji predvodnik integracija, trenutno stopirana na evropskom putu, ali da izlaz i odluke mora donositi sama.<\/p>\n<p>&#8220;Me\u0111unarodna zajednica je tu, razgovaramo sa partnerima u Crnoj Gori, spremni smo da pomognemo, ali odluke ne mo\u017eemo preduzimati umjesto njenih institucija i gra\u0111ana&#8221;, jasan je Bil\u010dik.<\/p>\n<p>Ukazuje i da su evropske diplomate na terenu u Crnoj Gori i da mogu pomo\u0107i, budu\u0107i da je situacija komplikovana i da su mnoge politi\u010dke kombinacije isprobane.<\/p>\n<p>&#8220;Stranke koje su bile jake i kredibilne su oslabile i opala im je mo\u0107&#8221;, istakao je Bil\u010dik.<\/p>\n<p>On misli da je Crna Gora sama napravila probleme sa kojima se suo\u010dava i da mora da na\u0111e re\u0161enje, &#8220;jer je to ne\u0161to sa \u010dim \u0107e da \u017eivi&#8221;.<\/p>\n<p>&#8220;Politi\u010dari moraju manje da misle o sebi, a vi\u0161e o interesima gra\u0111ana i zemlje. Ako se nastavi politi\u010dka kriza i institucije ne prorade, ukoliko Ustavni sud ne bude odblokiran, mora\u0107e da se postavi pitanje da li Crna Gora ima evropskih kapaciteta&#8221;, poru\u010dio je Bil\u010dik.<\/p>\n","protected":false},"excerpt":{"rendered":"<p>Predsjedavaju\u0107i delegacije Evropskog parlamenta za saradnju sa Crnom Gorom Vladimir Bil\u010dik upozorio je Crnu Goru da politi\u010dari moraju manje da misle o sebi i da, ako se nastavi politi\u010dka kriza i institucije ne prorade, ukoliko Ustavni sud ne bude odblokiran, mora\u0107e da se postavi pitanje da li Crna Gora ima evropskih kapaciteta.<\/p>\n","protected":false},"author":1,"featured_media":294147,"comment_status":"open","ping_status":"closed","sticky":false,"template":"","format":"standard","meta":{"_seopress_robots_primary_cat":"","_seopress_titles_title":"","_seopress_titles_desc":"","_seopress_robots_index":"","_et_pb_use_builder":"","_et_pb_old_content":"","_et_gb_content_width":"","inline_featured_image":false,"footnotes":""},"categories":[14],"tags":[],"class_list":["post-354162","post","type-post","status-publish","format-standard","has-post-thumbnail","hentry","category-vijesti"],"_links":{"self":[{"href":"https:\/\/www.pcnen.com\/portal\/wp-json\/wp\/v2\/posts\/354162","targetHints":{"allow":["GET"]}}],"collection":[{"href":"https:\/\/www.pcnen.com\/portal\/wp-json\/wp\/v2\/posts"}],"about":[{"href":"https:\/\/www.pcnen.com\/portal\/wp-json\/wp\/v2\/types\/post"}],"author":[{"embeddable":true,"href":"https:\/\/www.pcnen.com\/portal\/wp-json\/wp\/v2\/users\/1"}],"replies":[{"embeddable":true,"href":"https:\/\/www.pcnen.com\/portal\/wp-json\/wp\/v2\/comments?post=354162"}],"version-history":[{"count":2,"href":"https:\/\/www.pcnen.com\/portal\/wp-json\/wp\/v2\/posts\/354162\/revisions"}],"predecessor-version":[{"id":354164,"href":"https:\/\/www.pcnen.com\/portal\/wp-json\/wp\/v2\/posts\/354162\/revisions\/354164"}],"wp:featuredmedia":[{"embeddable":true,"href":"https:\/\/www.pcnen.com\/portal\/wp-json\/wp\/v2\/media\/294147"}],"wp:attachment":[{"href":"https:\/\/www.pcnen.com\/portal\/wp-json\/wp\/v2\/media?parent=354162"}],"wp:term":[{"taxonomy":"category","embeddable":true,"href":"https:\/\/www.pcnen.com\/portal\/wp-json\/wp\/v2\/categories?post=354162"},{"taxonomy":"post_tag","embeddable":true,"href":"https:\/\/www.pcnen.com\/portal\/wp-json\/wp\/v2\/tags?post=354162"}],"curies":[{"name":"wp","href":"https:\/\/api.w.org\/{rel}","templated":true}]}}