{"id":354111,"date":"2022-08-31T15:43:09","date_gmt":"2022-08-31T13:43:09","guid":{"rendered":"https:\/\/www.pcnen.com\/portal\/?p=354111"},"modified":"2022-08-31T15:43:09","modified_gmt":"2022-08-31T13:43:09","slug":"himna-srbije-sjutra-i-u-skolama-na-albanskom-jeziku","status":"publish","type":"post","link":"https:\/\/www.pcnen.com\/portal\/2022\/08\/31\/himna-srbije-sjutra-i-u-skolama-na-albanskom-jeziku\/","title":{"rendered":"Himna Srbije sjutra i u \u0161kolama na albanskom jeziku"},"content":{"rendered":"<p>Intoniranje himne na po\u010detku \u0161kolske godine postala je obaveza pro\u0161le, 2021. godine, a tome su se usprotivili predsjednik Nacionalnog saveta Albanaca (NSA) u Srbiji Ragmi Mustafa i narodni poslanik iz Bujanovca \u0160aip Kamberi.<\/p>\n<p>Uprkos tome, pi\u0161u Bujanova\u010dke, direktori \u0161kola ka\u017eu da \u0107e himne biti.<\/p>\n<p>&#8220;Svakako da \u0107e sjutra biti himne. Svaki nastavnik na\u0161e \u0161kole je obavije\u0161ten i himna \u0107e se intonirati u svakoj u\u010dionici. Mi nemamo razglas u \u0161koli, pa je svaki nastavnik zadu\u017een da pusti himnu na telefonu&#8221;, rekao je Vahid Iseni, direktor Osnovne \u0161kole &#8220;Muharem Kadriu&#8221; u Velikom Trnovcu.<\/p>\n<p>I \u0111aci u O\u0160 &#8220;Naim Fra\u0161eri&#8221; \u0107e sjutra \u010duti himnu prije po\u010detka prvog \u010dasa, potvrdio je direktor Fadil Ebibi.<\/p>\n<p>&#8220;Naravno da ho\u0107e. To je obaveza svake \u0161kole. Himne je bilo i pro\u0161le godine&#8221;, rekao je Ebibi.<\/p>\n<p>Direktori su naglasili da je u \u0161kolama koje vode apsolutno sve spremno za po\u010detak nove \u0161kolske godine. Zakonom je propisano da \u0107e za neizvo\u0111enje himne na po\u010detku \u0161kolske godine \u0161kola biti ka\u017enjena od 100.000 do 1.000.000 dinara.<\/p>\n","protected":false},"excerpt":{"rendered":"<p>Himna Srbije &#8220;Bo\u017ee pravde&#8221; \u010du\u0107e se sjutra, 1. septembra, i u bujanova\u010dkim \u0161kolama na kojima se nastava odvija na albanskom jeziku.<\/p>\n","protected":false},"author":1,"featured_media":354112,"comment_status":"open","ping_status":"closed","sticky":false,"template":"","format":"standard","meta":{"_seopress_robots_primary_cat":"","_seopress_titles_title":"","_seopress_titles_desc":"","_seopress_robots_index":"","_et_pb_use_builder":"","_et_pb_old_content":"","_et_gb_content_width":"","inline_featured_image":false,"footnotes":""},"categories":[14],"tags":[],"class_list":["post-354111","post","type-post","status-publish","format-standard","has-post-thumbnail","hentry","category-vijesti"],"_links":{"self":[{"href":"https:\/\/www.pcnen.com\/portal\/wp-json\/wp\/v2\/posts\/354111","targetHints":{"allow":["GET"]}}],"collection":[{"href":"https:\/\/www.pcnen.com\/portal\/wp-json\/wp\/v2\/posts"}],"about":[{"href":"https:\/\/www.pcnen.com\/portal\/wp-json\/wp\/v2\/types\/post"}],"author":[{"embeddable":true,"href":"https:\/\/www.pcnen.com\/portal\/wp-json\/wp\/v2\/users\/1"}],"replies":[{"embeddable":true,"href":"https:\/\/www.pcnen.com\/portal\/wp-json\/wp\/v2\/comments?post=354111"}],"version-history":[{"count":2,"href":"https:\/\/www.pcnen.com\/portal\/wp-json\/wp\/v2\/posts\/354111\/revisions"}],"predecessor-version":[{"id":354114,"href":"https:\/\/www.pcnen.com\/portal\/wp-json\/wp\/v2\/posts\/354111\/revisions\/354114"}],"wp:featuredmedia":[{"embeddable":true,"href":"https:\/\/www.pcnen.com\/portal\/wp-json\/wp\/v2\/media\/354112"}],"wp:attachment":[{"href":"https:\/\/www.pcnen.com\/portal\/wp-json\/wp\/v2\/media?parent=354111"}],"wp:term":[{"taxonomy":"category","embeddable":true,"href":"https:\/\/www.pcnen.com\/portal\/wp-json\/wp\/v2\/categories?post=354111"},{"taxonomy":"post_tag","embeddable":true,"href":"https:\/\/www.pcnen.com\/portal\/wp-json\/wp\/v2\/tags?post=354111"}],"curies":[{"name":"wp","href":"https:\/\/api.w.org\/{rel}","templated":true}]}}