{"id":354095,"date":"2022-08-31T13:15:04","date_gmt":"2022-08-31T11:15:04","guid":{"rendered":"https:\/\/www.pcnen.com\/portal\/?p=354095"},"modified":"2022-08-31T13:15:04","modified_gmt":"2022-08-31T11:15:04","slug":"danilovic-vode-se-paralelni-pregovori-sa-dps-necemo-biti-dekor","status":"publish","type":"post","link":"https:\/\/www.pcnen.com\/portal\/2022\/08\/31\/danilovic-vode-se-paralelni-pregovori-sa-dps-necemo-biti-dekor\/","title":{"rendered":"Danilovi\u0107: Vode se paralelni pregovori sa DPS, ne\u0107emo biti dekor"},"content":{"rendered":"<p>Danilovi\u0107 u izjavi za medije ka\u017ee da ne\u0107e nikoga pratiti sa &#8220;darovima i pr\u0107ijom u jo\u0161 jedan zagrljaj sa \u0110ukanovi\u0107em&#8221;.<\/p>\n<p>Navodi da su dobili poziv za sastanak u okviru stare, avgustovske, ve\u0107ine kako bi resetovali odnose i izabrali neku vrstu tehni\u010dke Vlade.<\/p>\n<p>&#8220;Ujedinjena CG je ve\u0107 danas, me\u0111utim, u pouzdanom saznanju da pojedine partije, koje su u me\u0111uvremenu, minulih stotinak dana, bile u savezu sa DPS-om i u manjinskoj vladi koji je \u0110ukanovi\u0107 podr\u017eavao, paralelno pregovaraju o nastavku te saradnje samo sa drugim mandatarom i to iz reda potpisnika \u010duvenog Memoranduma o saradnji. Na sastanku koji \u0107e uslijediti preksjutra mi ne\u0107emo dopustiti da budemo dekor bilo kakve prevare ili da poslu\u017eimo nekome kao svatovi za ispra\u0107aj u jo\u0161 jednu avanturu sa \u0110ukanovi\u0107evom partijom&#8221;, poru\u010dio je Danilovi\u0107.<\/p>\n<p>Ka\u017ee i da sve \u0161to se dogovori istog trenutka treba da potpi\u0161e 41 poslanik &#8220;stare ve\u0107ine&#8221;.<\/p>\n<p>&#8220;O\u010dekujemo i da predsjednica Skup\u0161tine doprinese resetovanju odnosa i to podno\u0161enjem ostavke kako se ne bi dogodilo da bilo ko sjedi na dvije stolice&#8221;, naveo je Danilovi\u0107.<\/p>\n<p>Kao i prilikom izbora prve vlade koju su podr\u017eali pobjednici sa izbora od 30. avgusta 2020, Ujedinjena Crna Gora, isti\u010de Danilovi\u0107, ne\u0107e ucjenjivati niti imati bilo kakve specifi\u010dne zahtjeve.<\/p>\n<p>&#8220;\u010cvrsto smo ubije\u0111eni da su vanredni izbori naj\u010dasnije rje\u0161enje nakon kojih DPS nikada vi\u0161e ne bi bio u prilici da ucjenjuje i trguje sa onima koji su skloni trgovanju izbornom voljom. Jo\u0161 jednom, ako je namjera bilo koga od onih koji se odazovu pozivu na sastanak da sebi samo podignu cijenu za novi dogovor sa DPS-om i Bo\u0161nja\u010dkom strankom, onda su podcijenili na\u0161u politi\u010dku pronicljivost i opreznost na koju smo du\u017eni ali i primorani evo dvije godine&#8221;, zaklju\u010dio je Danilovi\u0107.<\/p>\n<p><iframe loading=\"lazy\" style=\"border: none; overflow: hidden;\" src=\"https:\/\/www.facebook.com\/plugins\/post.php?href=https%3A%2F%2Fwww.facebook.com%2Fpermalink.php%3Fstory_fbid%3Dpfbid0kggUiNpVwPAHzLp6Ld55cK4u9qB4VygnUV2g98VXMqoDBW8hanyYPd82eP4pbxevl%26id%3D100001539260158&amp;show_text=true&amp;width=500\" width=\"500\" height=\"296\" frameborder=\"0\" scrolling=\"no\" allowfullscreen=\"allowfullscreen\"><\/iframe><\/p>\n","protected":false},"excerpt":{"rendered":"<p>Predsjednik Ujedinjene Crne Gore Goran Danilovi\u0107 napisao je na Fejsbuku da ima saznanja da pojedine partije, koje su bile u savezu i manjinskoj vladi sa DPS-om paralelno pregovaraju o nastavku te saradnje samo sa drugim mandatarom i to iz reda potpisnika Memoranduma o saradnji.<\/p>\n","protected":false},"author":1,"featured_media":294519,"comment_status":"open","ping_status":"closed","sticky":false,"template":"","format":"standard","meta":{"_seopress_robots_primary_cat":"","_seopress_titles_title":"","_seopress_titles_desc":"","_seopress_robots_index":"","_et_pb_use_builder":"","_et_pb_old_content":"","_et_gb_content_width":"","inline_featured_image":false,"footnotes":""},"categories":[14],"tags":[],"class_list":["post-354095","post","type-post","status-publish","format-standard","has-post-thumbnail","hentry","category-vijesti"],"_links":{"self":[{"href":"https:\/\/www.pcnen.com\/portal\/wp-json\/wp\/v2\/posts\/354095","targetHints":{"allow":["GET"]}}],"collection":[{"href":"https:\/\/www.pcnen.com\/portal\/wp-json\/wp\/v2\/posts"}],"about":[{"href":"https:\/\/www.pcnen.com\/portal\/wp-json\/wp\/v2\/types\/post"}],"author":[{"embeddable":true,"href":"https:\/\/www.pcnen.com\/portal\/wp-json\/wp\/v2\/users\/1"}],"replies":[{"embeddable":true,"href":"https:\/\/www.pcnen.com\/portal\/wp-json\/wp\/v2\/comments?post=354095"}],"version-history":[{"count":1,"href":"https:\/\/www.pcnen.com\/portal\/wp-json\/wp\/v2\/posts\/354095\/revisions"}],"predecessor-version":[{"id":354096,"href":"https:\/\/www.pcnen.com\/portal\/wp-json\/wp\/v2\/posts\/354095\/revisions\/354096"}],"wp:featuredmedia":[{"embeddable":true,"href":"https:\/\/www.pcnen.com\/portal\/wp-json\/wp\/v2\/media\/294519"}],"wp:attachment":[{"href":"https:\/\/www.pcnen.com\/portal\/wp-json\/wp\/v2\/media?parent=354095"}],"wp:term":[{"taxonomy":"category","embeddable":true,"href":"https:\/\/www.pcnen.com\/portal\/wp-json\/wp\/v2\/categories?post=354095"},{"taxonomy":"post_tag","embeddable":true,"href":"https:\/\/www.pcnen.com\/portal\/wp-json\/wp\/v2\/tags?post=354095"}],"curies":[{"name":"wp","href":"https:\/\/api.w.org\/{rel}","templated":true}]}}