{"id":354093,"date":"2022-08-31T11:06:33","date_gmt":"2022-08-31T09:06:33","guid":{"rendered":"https:\/\/www.pcnen.com\/portal\/?p=354093"},"modified":"2022-08-31T11:06:33","modified_gmt":"2022-08-31T09:06:33","slug":"veceras-pocinje-filmski-festival-u-veneciji-2","status":"publish","type":"post","link":"https:\/\/www.pcnen.com\/portal\/2022\/08\/31\/veceras-pocinje-filmski-festival-u-veneciji-2\/","title":{"rendered":"Ve\u010deras po\u010dinje filmski festival u Veneciji"},"content":{"rendered":"<p>Upravo tematika te vrste je o\u010dekivala u mnogim igranim filmovima \u0161to u svojim pri\u010dama istra\u017euju porodice koje se suo\u010davaju sa traumama, pi\u0161e agencija Rojters.<\/p>\n<p>Novi projekti na festivalu A kategorije, koji \u0107e trajati do 11. septembra, isti\u010du novu generaciju talenata.<\/p>\n<p>Za sve iskrene ljubitelje sedme umjetnosti to \u0107e biti toliko \u017eeljeni povratak u normalu na najstarijem filmskom festivalu na svetu, jer \u0107e ponovo mo\u0107i da pozdrave li\u010dno velike zvezde koje sti\u017eu na crveni tepih Lida pravo na 11-dnevni festival.<\/p>\n<p>&#8220;Nedostajali su nam atmosfera, raspolo\u017eenje, radost ljudi koji gledaju pravi talenat na crvenom tepihu\u201d, rekao je za Rojters direktor venecijanskog festivala Alberto Barbera.<\/p>\n<p>Venecija je postala sve va\u017enija za producentske ku\u0107e koje \u017eele da prika\u017eu neke od svojih najatraktivnijih filmova, koji ove godine imaju znatno mla\u0111u postavu po\u010detnika A-liste, nego \u0161to je to uobi\u010dajeno.<\/p>\n","protected":false},"excerpt":{"rendered":"<p>Presti\u017eni filmski festival u Veneciji otvara se ve\u010deras 79. put filmom &#8220;Bela buka&#8221; Noa Baumbahasa i sa ukidanjem svih zdravstvenih ograni\u010denja i pravila &#8211; zabrana u vezi pandemije korona virusa.<\/p>\n","protected":false},"author":1,"featured_media":326867,"comment_status":"open","ping_status":"closed","sticky":false,"template":"","format":"standard","meta":{"_seopress_robots_primary_cat":"","_seopress_titles_title":"","_seopress_titles_desc":"","_seopress_robots_index":"","_et_pb_use_builder":"","_et_pb_old_content":"","_et_gb_content_width":"","inline_featured_image":false,"footnotes":""},"categories":[14],"tags":[],"class_list":["post-354093","post","type-post","status-publish","format-standard","has-post-thumbnail","hentry","category-vijesti"],"_links":{"self":[{"href":"https:\/\/www.pcnen.com\/portal\/wp-json\/wp\/v2\/posts\/354093","targetHints":{"allow":["GET"]}}],"collection":[{"href":"https:\/\/www.pcnen.com\/portal\/wp-json\/wp\/v2\/posts"}],"about":[{"href":"https:\/\/www.pcnen.com\/portal\/wp-json\/wp\/v2\/types\/post"}],"author":[{"embeddable":true,"href":"https:\/\/www.pcnen.com\/portal\/wp-json\/wp\/v2\/users\/1"}],"replies":[{"embeddable":true,"href":"https:\/\/www.pcnen.com\/portal\/wp-json\/wp\/v2\/comments?post=354093"}],"version-history":[{"count":1,"href":"https:\/\/www.pcnen.com\/portal\/wp-json\/wp\/v2\/posts\/354093\/revisions"}],"predecessor-version":[{"id":354094,"href":"https:\/\/www.pcnen.com\/portal\/wp-json\/wp\/v2\/posts\/354093\/revisions\/354094"}],"wp:featuredmedia":[{"embeddable":true,"href":"https:\/\/www.pcnen.com\/portal\/wp-json\/wp\/v2\/media\/326867"}],"wp:attachment":[{"href":"https:\/\/www.pcnen.com\/portal\/wp-json\/wp\/v2\/media?parent=354093"}],"wp:term":[{"taxonomy":"category","embeddable":true,"href":"https:\/\/www.pcnen.com\/portal\/wp-json\/wp\/v2\/categories?post=354093"},{"taxonomy":"post_tag","embeddable":true,"href":"https:\/\/www.pcnen.com\/portal\/wp-json\/wp\/v2\/tags?post=354093"}],"curies":[{"name":"wp","href":"https:\/\/api.w.org\/{rel}","templated":true}]}}