{"id":354052,"date":"2022-08-30T18:59:34","date_gmt":"2022-08-30T16:59:34","guid":{"rendered":"https:\/\/www.pcnen.com\/portal\/?p=354052"},"modified":"2022-08-30T18:59:34","modified_gmt":"2022-08-30T16:59:34","slug":"savjet-aem-nije-danas-odlucivao-o-skandaloznom-prilogu-pink-m","status":"publish","type":"post","link":"https:\/\/www.pcnen.com\/portal\/2022\/08\/30\/savjet-aem-nije-danas-odlucivao-o-skandaloznom-prilogu-pink-m\/","title":{"rendered":"Savjet AEM nije danas odlu\u010divao o skandaloznom prilogu Pink M"},"content":{"rendered":"<p>\u201cUva\u017eavaju\u010di \u010dinjenicu da na sjednici nijesu bila prisutna dva \u010dlana SAEM-a, odlu\u010deno je da se \u0161to hitnije organizuje nova sjednica na kojoj \u0107e se svi \u010dlanovi izjasniti da li su se stekli uslovi da se zbog kr\u0161enja standarda propisanih Konvencijom o prekograni\u010dnoj televiziji od Regulatornog tijela za elektronske medije u Srbiji zatra\u017ei pokretanje procedure za utvr\u0111ivanje odgovornosti emitera TV programa Pink M sa sjedi\u0161tem u Srbiji i da preduzme adekvatne mjere\u201d, saop\u0161teno je nakon sjednice Savjeta.<\/p>\n<p>Kako je saop\u0161teno, prisutni \u010dlanovi SAEM-a su saglasni da navedeni prilog predstavlja primjer kr\u0161enja profesionalnih i eti\u010dkih novinarskih standarda.<\/p>\n<p>&nbsp;<\/p>\n<blockquote class=\"wp-embedded-content\" data-secret=\"z55UvXWFSq\"><p><a href=\"https:\/\/www.pcnen.com\/portal\/2022\/08\/27\/aem-da-reaguje-na-izvjestavanje-tv-pink-o-tragediji-na-ct-video\/\">AEM da reaguje na izvje\u0161tavanje TV Pink o tragediji na CT (video)<\/a><\/p><\/blockquote>\n<p><iframe loading=\"lazy\" class=\"wp-embedded-content\" sandbox=\"allow-scripts\" security=\"restricted\" style=\"position: absolute; clip: rect(1px, 1px, 1px, 1px);\" title=\"&#8220;AEM da reaguje na izvje\u0161tavanje TV Pink o tragediji na CT (video)&#8221; &#8212; PCNEN\" src=\"https:\/\/www.pcnen.com\/portal\/2022\/08\/27\/aem-da-reaguje-na-izvjestavanje-tv-pink-o-tragediji-na-ct-video\/embed\/#?secret=fSmwvK4uig#?secret=z55UvXWFSq\" data-secret=\"z55UvXWFSq\" width=\"600\" height=\"338\" frameborder=\"0\" marginwidth=\"0\" marginheight=\"0\" scrolling=\"no\"><\/iframe><\/p>\n","protected":false},"excerpt":{"rendered":"<p>Savjet Agencije za elektronske medije (SAEM) nije danas odlu\u010dio \u0161ta \u0107e preduzeti povodom skandaloznog priloga na televiziji Pink M o navodnim razlozima nedavnog masovnog ubistva na Cetinju, jer sjednici nijesu prisustvovali svi \u010dlanovi.<\/p>\n","protected":false},"author":1,"featured_media":0,"comment_status":"open","ping_status":"closed","sticky":false,"template":"","format":"standard","meta":{"_seopress_robots_primary_cat":"","_seopress_titles_title":"","_seopress_titles_desc":"","_seopress_robots_index":"","_et_pb_use_builder":"","_et_pb_old_content":"","_et_gb_content_width":"","inline_featured_image":false,"footnotes":""},"categories":[14],"tags":[],"class_list":["post-354052","post","type-post","status-publish","format-standard","hentry","category-vijesti"],"_links":{"self":[{"href":"https:\/\/www.pcnen.com\/portal\/wp-json\/wp\/v2\/posts\/354052","targetHints":{"allow":["GET"]}}],"collection":[{"href":"https:\/\/www.pcnen.com\/portal\/wp-json\/wp\/v2\/posts"}],"about":[{"href":"https:\/\/www.pcnen.com\/portal\/wp-json\/wp\/v2\/types\/post"}],"author":[{"embeddable":true,"href":"https:\/\/www.pcnen.com\/portal\/wp-json\/wp\/v2\/users\/1"}],"replies":[{"embeddable":true,"href":"https:\/\/www.pcnen.com\/portal\/wp-json\/wp\/v2\/comments?post=354052"}],"version-history":[{"count":1,"href":"https:\/\/www.pcnen.com\/portal\/wp-json\/wp\/v2\/posts\/354052\/revisions"}],"predecessor-version":[{"id":354053,"href":"https:\/\/www.pcnen.com\/portal\/wp-json\/wp\/v2\/posts\/354052\/revisions\/354053"}],"wp:attachment":[{"href":"https:\/\/www.pcnen.com\/portal\/wp-json\/wp\/v2\/media?parent=354052"}],"wp:term":[{"taxonomy":"category","embeddable":true,"href":"https:\/\/www.pcnen.com\/portal\/wp-json\/wp\/v2\/categories?post=354052"},{"taxonomy":"post_tag","embeddable":true,"href":"https:\/\/www.pcnen.com\/portal\/wp-json\/wp\/v2\/tags?post=354052"}],"curies":[{"name":"wp","href":"https:\/\/api.w.org\/{rel}","templated":true}]}}