{"id":354046,"date":"2022-08-30T16:45:56","date_gmt":"2022-08-30T14:45:56","guid":{"rendered":"https:\/\/www.pcnen.com\/portal\/?p=354046"},"modified":"2022-08-30T16:45:56","modified_gmt":"2022-08-30T14:45:56","slug":"abazovic-katniceva-uloga-ce-se-tek-raskrinkati","status":"publish","type":"post","link":"https:\/\/www.pcnen.com\/portal\/2022\/08\/30\/abazovic-katniceva-uloga-ce-se-tek-raskrinkati\/","title":{"rendered":"Abazovi\u0107: Katni\u0107eva uloga \u0107e se tek raskrinkati"},"content":{"rendered":"<p>Abazovi\u0107 je je rekao da razumije nervozu biv\u0161eg specijalnog dr\u017eavnog tu\u017eioca Milivoja Katni\u0107a, dodaju\u0107i da \u0107e se tek raskrinkati njegova uloga.<\/p>\n<p>\u201cZapo\u010deta je ozbiljna borba, zapo\u010deta je velika demonta\u017ea biv\u0161eg re\u017eima. Ne mo\u017ee se sve preko no\u0107i. Mi smo sada zemlja gdje je stepen korupcije znantno ni\u017ei\u201d, smatra predsjednik Vlade u tehni\u010dkom mandatu.<\/p>\n<p>Atak mu, ka\u017ee, pri\u010dinjava zadovoljstvo.<\/p>\n<p>&nbsp;<\/p>\n<blockquote class=\"wp-embedded-content\" data-secret=\"tczJSG2x6B\"><p><a href=\"https:\/\/www.pcnen.com\/portal\/2022\/08\/29\/katnic-abazovic-je-imao-kodno-ime-brat-uzivo\/\">Katni\u0107: Abazovi\u0107 je imao kodno ime \u2018Brat\u2019 \u00a0(u\u017eivo)<\/a><\/p><\/blockquote>\n<p><iframe loading=\"lazy\" class=\"wp-embedded-content\" sandbox=\"allow-scripts\" security=\"restricted\" style=\"position: absolute; clip: rect(1px, 1px, 1px, 1px);\" title=\"&#8220;Katni\u0107: Abazovi\u0107 je imao kodno ime \u2018Brat\u2019 \u00a0(u\u017eivo)&#8221; &#8212; PCNEN\" src=\"https:\/\/www.pcnen.com\/portal\/2022\/08\/29\/katnic-abazovic-je-imao-kodno-ime-brat-uzivo\/embed\/#?secret=37yaMQcZLa#?secret=tczJSG2x6B\" data-secret=\"tczJSG2x6B\" width=\"600\" height=\"338\" frameborder=\"0\" marginwidth=\"0\" marginheight=\"0\" scrolling=\"no\"><\/iframe><\/p>\n","protected":false},"excerpt":{"rendered":"<p>Premijer u tehni\u010dkom mandatu Dritan Abazovi\u0107 kazao je danas da je Crna Gora \u017ertva male grupe kriminalaca oko koje se ste\u017ee obru\u010d.<\/p>\n","protected":false},"author":1,"featured_media":343518,"comment_status":"open","ping_status":"closed","sticky":false,"template":"","format":"standard","meta":{"_seopress_robots_primary_cat":"","_seopress_titles_title":"","_seopress_titles_desc":"","_seopress_robots_index":"","_et_pb_use_builder":"","_et_pb_old_content":"","_et_gb_content_width":"","inline_featured_image":false,"footnotes":""},"categories":[14],"tags":[],"class_list":["post-354046","post","type-post","status-publish","format-standard","has-post-thumbnail","hentry","category-vijesti"],"_links":{"self":[{"href":"https:\/\/www.pcnen.com\/portal\/wp-json\/wp\/v2\/posts\/354046","targetHints":{"allow":["GET"]}}],"collection":[{"href":"https:\/\/www.pcnen.com\/portal\/wp-json\/wp\/v2\/posts"}],"about":[{"href":"https:\/\/www.pcnen.com\/portal\/wp-json\/wp\/v2\/types\/post"}],"author":[{"embeddable":true,"href":"https:\/\/www.pcnen.com\/portal\/wp-json\/wp\/v2\/users\/1"}],"replies":[{"embeddable":true,"href":"https:\/\/www.pcnen.com\/portal\/wp-json\/wp\/v2\/comments?post=354046"}],"version-history":[{"count":1,"href":"https:\/\/www.pcnen.com\/portal\/wp-json\/wp\/v2\/posts\/354046\/revisions"}],"predecessor-version":[{"id":354047,"href":"https:\/\/www.pcnen.com\/portal\/wp-json\/wp\/v2\/posts\/354046\/revisions\/354047"}],"wp:featuredmedia":[{"embeddable":true,"href":"https:\/\/www.pcnen.com\/portal\/wp-json\/wp\/v2\/media\/343518"}],"wp:attachment":[{"href":"https:\/\/www.pcnen.com\/portal\/wp-json\/wp\/v2\/media?parent=354046"}],"wp:term":[{"taxonomy":"category","embeddable":true,"href":"https:\/\/www.pcnen.com\/portal\/wp-json\/wp\/v2\/categories?post=354046"},{"taxonomy":"post_tag","embeddable":true,"href":"https:\/\/www.pcnen.com\/portal\/wp-json\/wp\/v2\/tags?post=354046"}],"curies":[{"name":"wp","href":"https:\/\/api.w.org\/{rel}","templated":true}]}}