{"id":354035,"date":"2022-08-30T14:41:22","date_gmt":"2022-08-30T12:41:22","guid":{"rendered":"https:\/\/www.pcnen.com\/portal\/?p=354035"},"modified":"2022-08-30T14:41:22","modified_gmt":"2022-08-30T12:41:22","slug":"cgo-u-crnoj-gori-se-51-osoba-vodi-kao-nestala","status":"publish","type":"post","link":"https:\/\/www.pcnen.com\/portal\/2022\/08\/30\/cgo-u-crnoj-gori-se-51-osoba-vodi-kao-nestala\/","title":{"rendered":"CGO: U Crnoj Gori se 51. osoba vodi kao nestala"},"content":{"rendered":"<p>Danas je Me\u0111unarodni dan nestalih osoba, a CGO godinama, upravo na taj dan, poziva \u201cna ve\u0107u profesionalnost i uspostavljanje standarda kako bi se po\u0161tovalo jedinstvo porodice, kako bi se identifikovala nestala lica i obezbijedila informacija o njihovoj sudbini\u201d.<\/p>\n<p>Prema podacima Me\u0111unarodnog komiteta Crvenog krsta, u Crnoj Gori se 51 osoba vodi kao nestala, od \u010dega se na Kosovu traga za 39, u Bosni i Hercegovini za devet i u Hrvatskoj za tri osobe.<\/p>\n<p>Me\u0111unarodni dan nestalih osoba ustanovljen je 30. avgusta 1981. godine sa ciljem da podsje\u0107a na pravo porodica da znaju sudbinu svojih najbli\u017eih koji se vode kao nestali.<\/p>\n","protected":false},"excerpt":{"rendered":"<p>Centar za gra\u0111ansko obrazovanje (CGO) je pozvao danas nadle\u017ene institucije u Crnoj Gori \u201cda kona\u010dno po\u010dnu djelovati u pravcu uspostavljanja pravde za porodice \u010diji se najbli\u017ei vode kao nestali, a posebno kada se radi o prisilnim nestancima tokom ratnih sukoba\u201d.<\/p>\n","protected":false},"author":1,"featured_media":309963,"comment_status":"open","ping_status":"closed","sticky":false,"template":"","format":"standard","meta":{"_seopress_robots_primary_cat":"","_seopress_titles_title":"","_seopress_titles_desc":"","_seopress_robots_index":"","_et_pb_use_builder":"","_et_pb_old_content":"","_et_gb_content_width":"","inline_featured_image":false,"footnotes":""},"categories":[14],"tags":[],"class_list":["post-354035","post","type-post","status-publish","format-standard","has-post-thumbnail","hentry","category-vijesti"],"_links":{"self":[{"href":"https:\/\/www.pcnen.com\/portal\/wp-json\/wp\/v2\/posts\/354035","targetHints":{"allow":["GET"]}}],"collection":[{"href":"https:\/\/www.pcnen.com\/portal\/wp-json\/wp\/v2\/posts"}],"about":[{"href":"https:\/\/www.pcnen.com\/portal\/wp-json\/wp\/v2\/types\/post"}],"author":[{"embeddable":true,"href":"https:\/\/www.pcnen.com\/portal\/wp-json\/wp\/v2\/users\/1"}],"replies":[{"embeddable":true,"href":"https:\/\/www.pcnen.com\/portal\/wp-json\/wp\/v2\/comments?post=354035"}],"version-history":[{"count":1,"href":"https:\/\/www.pcnen.com\/portal\/wp-json\/wp\/v2\/posts\/354035\/revisions"}],"predecessor-version":[{"id":354036,"href":"https:\/\/www.pcnen.com\/portal\/wp-json\/wp\/v2\/posts\/354035\/revisions\/354036"}],"wp:featuredmedia":[{"embeddable":true,"href":"https:\/\/www.pcnen.com\/portal\/wp-json\/wp\/v2\/media\/309963"}],"wp:attachment":[{"href":"https:\/\/www.pcnen.com\/portal\/wp-json\/wp\/v2\/media?parent=354035"}],"wp:term":[{"taxonomy":"category","embeddable":true,"href":"https:\/\/www.pcnen.com\/portal\/wp-json\/wp\/v2\/categories?post=354035"},{"taxonomy":"post_tag","embeddable":true,"href":"https:\/\/www.pcnen.com\/portal\/wp-json\/wp\/v2\/tags?post=354035"}],"curies":[{"name":"wp","href":"https:\/\/api.w.org\/{rel}","templated":true}]}}