{"id":354033,"date":"2022-08-30T15:05:08","date_gmt":"2022-08-30T13:05:08","guid":{"rendered":"https:\/\/www.pcnen.com\/portal\/?p=354033"},"modified":"2022-08-30T15:05:08","modified_gmt":"2022-08-30T13:05:08","slug":"o-niskoj-politici","status":"publish","type":"post","link":"https:\/\/www.pcnen.com\/portal\/2022\/08\/30\/o-niskoj-politici\/","title":{"rendered":"O &#8216;niskoj&#8217; politici"},"content":{"rendered":"<p>Na\u0161i politi\u010dari i \u201elideri\u201c vode isklju\u010divo visoku politiku, \u201eniska\u201c ih ne interesuje. Vjerno stado ih u tome slijedi. Sastavljaju vlade, ginu za vjeru i naciju, uspje\u0161no nalaze neprijatelje i izdajnike, a problemi sa kojima se svakodnevno susre\u0107emo zahvaljuju\u0107i nefunkcionalnosti dr\u017eave \u2013 koju su ovakvom kakva je napravili upravo ti politi\u010dki lideri i partije &#8211; ne interesuje ih. Skoro ni\u0161ta u dr\u017eavi na funkcioni\u0161e, kradu na nas na sve strane, svugdje \u010dekamo u nekim redovima, ali to je ta, za stado neinteresantna, \u201eniska\u201c politika. Upravo o njoj \u010desto pi\u0161em. Pisa\u0107u i u ovom tekstu \u2013 na vrijeme vas upozoravaju\u0107i da ne \u010ditate dalje. Jer koga interesuju obi\u010dne, svakodnevne stvari, kojim nam se zagor\u010dava \u017eivot, pored dilema tipa: ho\u0107e li biti sastavljena nova vlada, da li \u0107e na njenom \u010delu biti naglo pomirljivi i \u00a0vje\u010diti opozicionar Mandi\u0107 ili veliki vjernik Ibrahimovi\u0107?<\/p>\n<p>Jutos sam po\u0161ao da izvadim saglasnost za put u inostranstvo maloljetnom djetetu kojem je ona neophodna zbog maturske eskurzije. U zgradi Op\u0161tine Podgorica, gdje se mo\u017ee ovjeriti saglasnost, bio sam u 10.35 sati. Znao sam da u zgradi postoji \u0161alter Po\u0161te Crne Gore, na koji mogu da uplatim predvi\u0111enu taksu. Vidim da \u0161alterske slu\u017ebenice nema na radnom mjestu. Poslije par minuta prilazim bli\u017ee. nadaju\u0107i se da \u0107e me primjetiti i pojaviti se. Tada tek primje\u0107ujem poruku da, vjerovali ili ne, \u0161alter ne radi, zbog godi\u0161njeg odmora, od 01.08. do 31.08.! Da, dobro ste pro\u010ditali \u2013 \u0161alter (uslu\u017ena djelatnost) ne radi zbog godi\u0161njeg odmora. Da do\u017eivljaj bude na nivou intime, sve je to ispisano ru\u010dno, na papiri\u0107u, sa potpisom upravnika(ce).<\/p>\n<p><img loading=\"lazy\" decoding=\"async\" class=\"aligncenter size-full wp-image-354038\" src=\"https:\/\/www.pcnen.com\/portal\/wp-content\/uploads\/2022\/08\/posta.jpg\" alt=\"\" width=\"500\" height=\"338\" \/><\/p>\n<p>Po\u0161tom, ina\u010de, gazduje ona partija \u2013 dobro ste pro\u010ditali da gazduje partija ali navikli ste na takva gazdinstva pa vam je to normalno &#8211; koja svaki dan kuka o revan\u0161izmu prema njima, jer njihove partijske \u201ekadrove\u201c poslije gubitka vlasti smjenjuju drugi partijski kadrovi. Ina\u010de, ista ta Po\u0161ta od kada je postala njihova partijska pr\u0107ija, otvorila je nekoliko \u0161altera po prigradskim naseljima, u ku\u0107ama svojih partijskih aktivista naj\u010de\u0161\u0107e, zapo\u0161ljavaju\u0107i i unapre\u0111uju\u0107i svoje aktiviste bez ikakve mjere i obzira. Ali je, eto, zatvorila \u0161alter u strogom centru grada \u2013 zbog odmora!<\/p>\n<p>Ve\u0107 je 10.40 &#8211; a znam da je pauza u Op\u0161tini od 11.00. Stoga tr\u010de\u0107im korakom prelazim Trg i idem u CKB banku, koja je preko puta. Uzimam broj, vidim da dvije stranke ve\u0107 \u010dekaju, a da u banci na Trgu radi samo jedan \u0161alter! Mo\u017ee im biti, jer regulatora nemamo, a stado je stado, naviklo da sve trpi \u2013 i da uvijek \u010deka. I kada sam do\u0161ao na red, ispred mene uska\u010de, bez uzetog broja normalno, konobar iz obli\u017enjeg restorana &#8216;Sicilija&#8217; da rasitni novac. Ra\u010dunam odmah \u0107e, ali se ba\u0161 odu\u017ei. Protestujem i ka\u017eem da je preko reda, da \u017eurim, na \u0161to mi slu\u017ebenica banke ka\u017ee da ga je ona prozvala! Kako ste ga mogli prozvati, sa kojim pravom ako je preko reda i bez broja? \u2013 pitam. Ne konstatuje me, samo se radnik obezbje\u0111enja uzvrpoljio. Najzad dolazim na red, a \u201eljubazna\u201c slu\u017ebenica koja je \u010dula da trebam sve zavr\u0161iti prije 11.00 sati, tra\u017ei mi na uvid li\u010dnu kartu zbog uplate od 2.00 eura. Da li joj je moja li\u010dna karta potrebna zbog eventualnog poku\u0161aja pranja novca (od 2.00 eura) ili kako bi me onemogu\u0107ila da stignem na vrijeme, prosudite sami. A onda dolazi novi \u0161ok. Na uplatu od 2.00 eura CKB napla\u0107uje proviziju od 1,50 eura, iliti 75% od visine uplate. Ve\u0107 je 10.56, \u201eljubazna\u201c slu\u017ebenica, likuju\u0107i \u0161to vjerovatno ne\u0107u sti\u0107i, a poslije prepirke koja je rezultirala namjernim odugovla\u010denjem, \u00a0ka\u017ee mi: \u201e\u017delim Vam ugodan dan gospodine\u201c.<\/p>\n<p><img loading=\"lazy\" decoding=\"async\" class=\"aligncenter size-full wp-image-354039\" src=\"https:\/\/www.pcnen.com\/portal\/wp-content\/uploads\/2022\/08\/provizija.jpg\" alt=\"\" width=\"500\" height=\"419\" srcset=\"https:\/\/www.pcnen.com\/portal\/wp-content\/uploads\/2022\/08\/provizija.jpg 500w, https:\/\/www.pcnen.com\/portal\/wp-content\/uploads\/2022\/08\/provizija-300x251.jpg 300w\" sizes=\"(max-width: 500px) 100vw, 500px\" \/><\/p>\n<p>Znam da \u0107e rukovodstvo CKB, ako neko od njih proi\u010dita ovaj tekst, provjriti navode, reagovati, preduzeti adekvatne mjere. A uradi\u0107e to isto i Centralna banka, te bankarski Ombudsman!?<\/p>\n<p>Kako mo\u017ee provizije za uplatu biti 1.50 eura kada je u Lov\u0107en banku \u010diji sam klijent ona 0.30 odnosno 0.40 eura, pitam svog bankara. Mo\u017ee ako ho\u0107e i 5.00 ili 10.00 eura, ali to je plja\u010dka, ka\u017ee mi.<\/p>\n<p>A kako toliku proviziju odobrava Centralna banka? \u2013 postavljam mu dopunsko pitanje. Smije se, a ja mu se gorko pridru\u017eih, jer oboje znamo da je na\u0161a Centralna banka jo\u0161 jedna mrtva institucija koja slu\u017ei isklju\u010divo za plja\u010dku i za vje\u010dito direktorovanje \u201ekontroverznog\u201c Radoja \u017dugi\u0107a.<\/p>\n<p>Kada sam opet stigao u Op\u0161tinu bilo je ta\u010dno 11.00 sati, slu\u017ebenici su izlazili sa posla zbog pauze&#8230;<\/p>\n<blockquote>\n<h2>***<\/h2>\n<\/blockquote>\n<p>Opisa\u0107u jo\u0161 jedan slu\u010daj iz domena \u201eniske\u201c politike i kako gazduju javnim preduze\u0107ima iz Kalimero partije protiv koje se sprovodi \u201enevi\u0111eni revan\u0161izam\u201c.<\/p>\n<p>Kalimero partija je dobila na gazdovanje i ve\u0107i dio EPCG, me\u0111u njima i CEDIS. Normalno, postavili su sve savr\u0161ene stru\u010dnjake i profesionalce, koji su sasvim slu\u010dajno bili i visoki partijski funkcioneri. Usput su i \u00a0tamo, kao u Po\u0161ti, zaposlili stotine svojih aktivista, ro\u0111aka, kumova i ostale mnogobrojne rodbine (nije u pitanju \u010ditulja). U februaru ili martu ove godine, poslije niza prijava najzad su do\u0161li njihovi radnici i iskopali rupu dublju od metra kako bi zamjenili stari, potpuno truli elektri\u010dni stub. Od tada, iako sam ih zvao nekoliko puta da zavr\u0161e zapo\u010deti posao &#8211; \u201eBo\u017ee ga pomiluj\u201c &#8211; \u00a0da se izrazim u skladu sa njihovom novom politi\u010dkom retorikom i ideologijom. Du\u017ee od pola godine stoji neza\u0161ti\u0107ena rupa po sred moga dvori\u0161ta.<\/p>\n<p><img loading=\"lazy\" decoding=\"async\" class=\"aligncenter size-full wp-image-354040\" src=\"https:\/\/www.pcnen.com\/portal\/wp-content\/uploads\/2022\/08\/rupa.jpg\" alt=\"\" width=\"500\" height=\"529\" srcset=\"https:\/\/www.pcnen.com\/portal\/wp-content\/uploads\/2022\/08\/rupa.jpg 500w, https:\/\/www.pcnen.com\/portal\/wp-content\/uploads\/2022\/08\/rupa-284x300.jpg 284w\" sizes=\"(max-width: 500px) 100vw, 500px\" \/><\/p>\n<p>Dok je DPS \u201egazdovao\u201c \u00a0javnim preduze\u0107ima, to se nije moglo desiti. U svoj njihovoj plja\u010dki i java\u0161luku bilo je vi\u0161e reda i pravila nego kod alternative im. Sa \u017eeljenjem i ga\u0111enjem to moram priznati. Zato obe\u0107avam, ovako javno, da ako mi se dijete ili neki gost povrijedi upav\u0161i u rupu, vanistitucinalno \u0107u tra\u017eiti, to jest sprovoditi pravdu. Do toga ste me doveli.<\/p>\n<p>Sve ovo se doga\u0111a samo meni, drugim gra\u0111anima ne, zato vi obo\u017eavate svoje vo\u0111e i bavite se isklju\u010divo visokom politikom, a ova niska vas ne interesuje?<\/p>\n","protected":false},"excerpt":{"rendered":"<p>Pi\u0161e: Omer \u0160ARKI\u0106<\/p>\n","protected":false},"author":12,"featured_media":0,"comment_status":"open","ping_status":"closed","sticky":false,"template":"","format":"standard","meta":{"_seopress_robots_primary_cat":"","_seopress_titles_title":"","_seopress_titles_desc":"","_seopress_robots_index":"","_et_pb_use_builder":"","_et_pb_old_content":"","_et_gb_content_width":"","inline_featured_image":false,"footnotes":""},"categories":[17,12],"tags":[1169],"class_list":["post-354033","post","type-post","status-publish","format-standard","hentry","category-blogovi","category-prica-dana","tag-omer-sarkic"],"_links":{"self":[{"href":"https:\/\/www.pcnen.com\/portal\/wp-json\/wp\/v2\/posts\/354033","targetHints":{"allow":["GET"]}}],"collection":[{"href":"https:\/\/www.pcnen.com\/portal\/wp-json\/wp\/v2\/posts"}],"about":[{"href":"https:\/\/www.pcnen.com\/portal\/wp-json\/wp\/v2\/types\/post"}],"author":[{"embeddable":true,"href":"https:\/\/www.pcnen.com\/portal\/wp-json\/wp\/v2\/users\/12"}],"replies":[{"embeddable":true,"href":"https:\/\/www.pcnen.com\/portal\/wp-json\/wp\/v2\/comments?post=354033"}],"version-history":[{"count":3,"href":"https:\/\/www.pcnen.com\/portal\/wp-json\/wp\/v2\/posts\/354033\/revisions"}],"predecessor-version":[{"id":354041,"href":"https:\/\/www.pcnen.com\/portal\/wp-json\/wp\/v2\/posts\/354033\/revisions\/354041"}],"wp:attachment":[{"href":"https:\/\/www.pcnen.com\/portal\/wp-json\/wp\/v2\/media?parent=354033"}],"wp:term":[{"taxonomy":"category","embeddable":true,"href":"https:\/\/www.pcnen.com\/portal\/wp-json\/wp\/v2\/categories?post=354033"},{"taxonomy":"post_tag","embeddable":true,"href":"https:\/\/www.pcnen.com\/portal\/wp-json\/wp\/v2\/tags?post=354033"}],"curies":[{"name":"wp","href":"https:\/\/api.w.org\/{rel}","templated":true}]}}