{"id":354028,"date":"2022-08-30T13:14:21","date_gmt":"2022-08-30T11:14:21","guid":{"rendered":"https:\/\/www.pcnen.com\/portal\/?p=354028"},"modified":"2022-08-30T13:14:21","modified_gmt":"2022-08-30T11:14:21","slug":"abazovic-bila-bi-losa-poruka-da-se-smijeni-danijela-durovic","status":"publish","type":"post","link":"https:\/\/www.pcnen.com\/portal\/2022\/08\/30\/abazovic-bila-bi-losa-poruka-da-se-smijeni-danijela-durovic\/","title":{"rendered":"Abazovi\u0107: Bila bi lo\u0161a poruka da se smijeni Danijela \u0110urovi\u0107"},"content":{"rendered":"<p>\u201cPojedini na svakakve na\u010dine \u017eele da obezglave dr\u017eavu. To je lo\u0161 put. Neka se ne prave Evropljani i patriote i neka se ne zavijaju u zastave\u201d, poru\u010dio je Abazovi\u0107, prenosi Dan.<\/p>\n<p>Podsjetio je da u Crnoj Gori nema Ustavnog suda, ni Sudskog savjeta.<\/p>\n<p>\u201cAko to misle da je put pored sve plja\u010dke i kriminala, odli\u010dno. To je poku\u0161aj onih koji se pla\u0161e pravde\u201d, \u00a0kazao je Abazovi\u0107 nakon dana\u0161nje posjete Bolnici Pljevlja.<\/p>\n<p>Skup\u0161tina Crne Gore bi 2. septembra na vanrednom zasijedanju trebala da se izjasni o razrje\u0161enju \u0110urovi\u0107.<\/p>\n<blockquote class=\"wp-embedded-content\" data-secret=\"Hjq2APiZ96\"><p><a href=\"https:\/\/www.pcnen.com\/portal\/2022\/08\/17\/podnijeta-inicijativa-za-razrjesenje-predsjednice-parlamenta\/\">Podnijeta inicijativa za razrje\u0161enje predsjednice parlamenta<\/a><\/p><\/blockquote>\n<p><iframe loading=\"lazy\" class=\"wp-embedded-content\" sandbox=\"allow-scripts\" security=\"restricted\" style=\"position: absolute; clip: rect(1px, 1px, 1px, 1px);\" title=\"&#8220;Podnijeta inicijativa za razrje\u0161enje predsjednice parlamenta&#8221; &#8212; PCNEN\" src=\"https:\/\/www.pcnen.com\/portal\/2022\/08\/17\/podnijeta-inicijativa-za-razrjesenje-predsjednice-parlamenta\/embed\/#?secret=1JzGNoP6uS#?secret=Hjq2APiZ96\" data-secret=\"Hjq2APiZ96\" width=\"600\" height=\"338\" frameborder=\"0\" marginwidth=\"0\" marginheight=\"0\" scrolling=\"no\"><\/iframe><\/p>\n","protected":false},"excerpt":{"rendered":"<p>Bilo bi lo\u0161a poruka da se smijeni Danijela \u0110urovi\u0107 sa funkcije predsjednice Skup\u0161tine, kazao je danas novinarima premijer u tehni\u010dkom mandatu Dritan Abazovi\u0107.<\/p>\n","protected":false},"author":1,"featured_media":349717,"comment_status":"open","ping_status":"closed","sticky":false,"template":"","format":"standard","meta":{"_seopress_robots_primary_cat":"","_seopress_titles_title":"","_seopress_titles_desc":"","_seopress_robots_index":"","_et_pb_use_builder":"","_et_pb_old_content":"","_et_gb_content_width":"","inline_featured_image":false,"footnotes":""},"categories":[14],"tags":[],"class_list":["post-354028","post","type-post","status-publish","format-standard","has-post-thumbnail","hentry","category-vijesti"],"_links":{"self":[{"href":"https:\/\/www.pcnen.com\/portal\/wp-json\/wp\/v2\/posts\/354028","targetHints":{"allow":["GET"]}}],"collection":[{"href":"https:\/\/www.pcnen.com\/portal\/wp-json\/wp\/v2\/posts"}],"about":[{"href":"https:\/\/www.pcnen.com\/portal\/wp-json\/wp\/v2\/types\/post"}],"author":[{"embeddable":true,"href":"https:\/\/www.pcnen.com\/portal\/wp-json\/wp\/v2\/users\/1"}],"replies":[{"embeddable":true,"href":"https:\/\/www.pcnen.com\/portal\/wp-json\/wp\/v2\/comments?post=354028"}],"version-history":[{"count":1,"href":"https:\/\/www.pcnen.com\/portal\/wp-json\/wp\/v2\/posts\/354028\/revisions"}],"predecessor-version":[{"id":354029,"href":"https:\/\/www.pcnen.com\/portal\/wp-json\/wp\/v2\/posts\/354028\/revisions\/354029"}],"wp:featuredmedia":[{"embeddable":true,"href":"https:\/\/www.pcnen.com\/portal\/wp-json\/wp\/v2\/media\/349717"}],"wp:attachment":[{"href":"https:\/\/www.pcnen.com\/portal\/wp-json\/wp\/v2\/media?parent=354028"}],"wp:term":[{"taxonomy":"category","embeddable":true,"href":"https:\/\/www.pcnen.com\/portal\/wp-json\/wp\/v2\/categories?post=354028"},{"taxonomy":"post_tag","embeddable":true,"href":"https:\/\/www.pcnen.com\/portal\/wp-json\/wp\/v2\/tags?post=354028"}],"curies":[{"name":"wp","href":"https:\/\/api.w.org\/{rel}","templated":true}]}}