{"id":354026,"date":"2022-08-30T13:02:43","date_gmt":"2022-08-30T11:02:43","guid":{"rendered":"https:\/\/www.pcnen.com\/portal\/?p=354026"},"modified":"2022-08-30T13:02:43","modified_gmt":"2022-08-30T11:02:43","slug":"vucic-europrajd-nece-biti-odrzan-i-promjene-te-odluke-nece-biti","status":"publish","type":"post","link":"https:\/\/www.pcnen.com\/portal\/2022\/08\/30\/vucic-europrajd-nece-biti-odrzan-i-promjene-te-odluke-nece-biti\/","title":{"rendered":"Vu\u010di\u0107: Europrajd ne\u0107e biti odr\u017ean i promjene te odluke ne\u0107e biti"},"content":{"rendered":"<p>On je u Predsjedni\u0161tvu kazao da ta manifestacija ne\u0107e biti odr\u017eana i da promjene te odluke ne\u0107e biti.<\/p>\n<p>Vu\u010di\u0107 je poru\u010dio organizatorima Europrajda, koji su najavili da \u0107e se okupiti u dogovoreno vrijeme uprkos odluci dr\u017eave da se manifestacija odlo\u017ei, da je stav dr\u017eave da ne postoje bezbjedonisni uslovi, a da oni umjesto da razumiju i biraju druga\u010dije na\u010dine da se bore za svoja prava, po svaku cijenu nastoje da skup odr\u017ee, prenosi N1.<\/p>\n<p>\u201eNe\u0107e biti nikakvih tu\u010da i nikakvih sukoba\u201c, istakao je Vu\u010di\u0107 i dodao da \u0107e svako svako ko bude htio nasilje biti priveden.<\/p>\n<p>On je kazao da je odr\u017eavanje parade problem sa kojim \u0107e se dru\u0161tvo u Srbiji suo\u010davati u budu\u0107nosti, jer svaka politi\u010dka opcija ima isklju\u010div stav po tom pitanju.<\/p>\n<p>Prema navodima Vu\u010di\u0107a, tu\u017eno je ako neko ko podr\u017eava odr\u017eavanje te manifestacije smatra da je Europrajd jednako va\u017ean kao Kosovo.<\/p>\n","protected":false},"excerpt":{"rendered":"<p>Predsjednik Srbije Aleksandar Vu\u010di\u0107 rekao je da \u0107e odluka Vlade Srbije o neodr\u017eavanju Europrajda biti po\u0161tovana, isti\u010du\u0107i da ukoliko je neki skup zabranjen &#8211; bi\u0107e zabranjen.<\/p>\n","protected":false},"author":1,"featured_media":342376,"comment_status":"open","ping_status":"closed","sticky":false,"template":"","format":"standard","meta":{"_seopress_robots_primary_cat":"","_seopress_titles_title":"","_seopress_titles_desc":"","_seopress_robots_index":"","_et_pb_use_builder":"","_et_pb_old_content":"","_et_gb_content_width":"","inline_featured_image":false,"footnotes":""},"categories":[14],"tags":[],"class_list":["post-354026","post","type-post","status-publish","format-standard","has-post-thumbnail","hentry","category-vijesti"],"_links":{"self":[{"href":"https:\/\/www.pcnen.com\/portal\/wp-json\/wp\/v2\/posts\/354026","targetHints":{"allow":["GET"]}}],"collection":[{"href":"https:\/\/www.pcnen.com\/portal\/wp-json\/wp\/v2\/posts"}],"about":[{"href":"https:\/\/www.pcnen.com\/portal\/wp-json\/wp\/v2\/types\/post"}],"author":[{"embeddable":true,"href":"https:\/\/www.pcnen.com\/portal\/wp-json\/wp\/v2\/users\/1"}],"replies":[{"embeddable":true,"href":"https:\/\/www.pcnen.com\/portal\/wp-json\/wp\/v2\/comments?post=354026"}],"version-history":[{"count":1,"href":"https:\/\/www.pcnen.com\/portal\/wp-json\/wp\/v2\/posts\/354026\/revisions"}],"predecessor-version":[{"id":354027,"href":"https:\/\/www.pcnen.com\/portal\/wp-json\/wp\/v2\/posts\/354026\/revisions\/354027"}],"wp:featuredmedia":[{"embeddable":true,"href":"https:\/\/www.pcnen.com\/portal\/wp-json\/wp\/v2\/media\/342376"}],"wp:attachment":[{"href":"https:\/\/www.pcnen.com\/portal\/wp-json\/wp\/v2\/media?parent=354026"}],"wp:term":[{"taxonomy":"category","embeddable":true,"href":"https:\/\/www.pcnen.com\/portal\/wp-json\/wp\/v2\/categories?post=354026"},{"taxonomy":"post_tag","embeddable":true,"href":"https:\/\/www.pcnen.com\/portal\/wp-json\/wp\/v2\/tags?post=354026"}],"curies":[{"name":"wp","href":"https:\/\/api.w.org\/{rel}","templated":true}]}}