{"id":354024,"date":"2022-08-30T12:59:49","date_gmt":"2022-08-30T10:59:49","guid":{"rendered":"https:\/\/www.pcnen.com\/portal\/?p=354024"},"modified":"2022-08-30T12:59:49","modified_gmt":"2022-08-30T10:59:49","slug":"adzic-i-brdanin-u-posjeti-fbi","status":"publish","type":"post","link":"https:\/\/www.pcnen.com\/portal\/2022\/08\/30\/adzic-i-brdanin-u-posjeti-fbi\/","title":{"rendered":"Ad\u017ei\u0107 i Br\u0111anin u posjeti FBI"},"content":{"rendered":"<p>&#8220;Ovom prilikom organizovan je susret sa vr\u0161iocem du\u017enosti glavnog specijalnog agenta, kao i predstavnicima Oligarh tima i Odjeljenja za organizovani kriminal.<\/p>\n<p>Predstavnici FBI-a su sa crnogorskim kolegama razmijenili iskustva u borbi protiv organizovanog kriminala i razmotrili teku\u0107e istrage koje omogu\u0107avaju odli\u010dnu priliku za dalji razvoj partnerstva&#8221;, navode u saop\u0161tenju.<\/p>\n<p>Ministar Ad\u017ei\u0107 je, dodaju, pohvalio saradnju koju crnogorska policija ima sa FBI-om, i zahvalio na podr\u0161ci koju crnogorsko Ministarstvo unutra\u0161njih poslova\/Uprava policije dobija kako od Biroa, tako i ostalih slu\u017ebi za sprovo\u0111enje zakona SAD-a.<\/p>\n<p>\u201cRezultati koje ostvarujemo proizvod su dobre saradnje koju imamo sa na\u0161im me\u0111unarodnim partnerima i podr\u0161ke koju nam u kontinuitetu pru\u017eaju\u201d, poru\u010dio je ministar Ad\u017ei\u0107.<\/p>\n<p>Direktor Br\u0111anin je, navode, podsjetio na saradnju crnogorske policije sa FBI, u okviru koje su prethodne godine uspje\u0161no sprovedena kriminalisti\u010dka istra\u017eivanja u odnosu na komunikacije sa kriptovanih ure\u0111aja. Tako\u0111e, direktor je informisao sagovornike i o sadr\u017eaju nacrta Strategije za borbu protiv transnacionalnog organizovanog kriminala, \u010dije se usvajanje o\u010dekuje u narednom periodu.<\/p>\n<p>&#8220;Usvajanjem ovog dokumenta u Crnoj Gori bi\u0107e stvoren multidisciplinarni, integrisani i cjelovit pristup svih relevantnih aktera, u kontekstu definisanja i realizacije strate\u0161kih i operativnih prioriteta rada u cilju prevencije i suzbijanja oblika transnacionalnog kriminaliteta. Ovom prilikom posebno je nagla\u0161en doprinos Kancelarije Me\u0111unarodnog programa za obuku u krivi\u010dnim istragama Ministarstva pravde SAD-a (ICITAP) u okviru ovog projekta.<\/p>\n<p>Predstavnici obije strane ukazali su ovom prilikom na va\u017enost razmjene iskustava, znanja i najboljih praksi i ponovili otvorenost za unapre\u0111enje saradnje u svim segmentima od obostranog interesa. Va\u017eno je naglasiti i da je pravni ata\u0161e FBI-a za Crnu Goru, Srbiju i BiH, Kenet Brajan, iskazao spremnost FBI-a za konkretnu podr\u0161ku crnogorskim kolegama u odnosu na\u00a0 aktuelne sajber napade, na \u010demu se ve\u0107 radi&#8221;, zaklju\u010duje se u saop\u0161tenju.<\/p>\n","protected":false},"excerpt":{"rendered":"<p>Prvog dana radne posjete SAD, delegacija Ministarstva unutra\u0161njih poslova\/Uprave policije koju \u010dine ministar Filip Ad\u017ei\u0107 i direktor Uprave policije Zoran Br\u0111anin, sa saradnicima sastali su se sa predstavnicima Federalnog istra\u017enog biroa, kako bi razmotrili dalje modalitete saradnje i podr\u0161ke FBI-a crnogorskim kolegama, saop\u0161teno je iz MUP-a.<\/p>\n","protected":false},"author":1,"featured_media":274917,"comment_status":"open","ping_status":"closed","sticky":false,"template":"","format":"standard","meta":{"_seopress_robots_primary_cat":"","_seopress_titles_title":"","_seopress_titles_desc":"","_seopress_robots_index":"","_et_pb_use_builder":"","_et_pb_old_content":"","_et_gb_content_width":"","inline_featured_image":false,"footnotes":""},"categories":[14],"tags":[],"class_list":["post-354024","post","type-post","status-publish","format-standard","has-post-thumbnail","hentry","category-vijesti"],"_links":{"self":[{"href":"https:\/\/www.pcnen.com\/portal\/wp-json\/wp\/v2\/posts\/354024","targetHints":{"allow":["GET"]}}],"collection":[{"href":"https:\/\/www.pcnen.com\/portal\/wp-json\/wp\/v2\/posts"}],"about":[{"href":"https:\/\/www.pcnen.com\/portal\/wp-json\/wp\/v2\/types\/post"}],"author":[{"embeddable":true,"href":"https:\/\/www.pcnen.com\/portal\/wp-json\/wp\/v2\/users\/1"}],"replies":[{"embeddable":true,"href":"https:\/\/www.pcnen.com\/portal\/wp-json\/wp\/v2\/comments?post=354024"}],"version-history":[{"count":1,"href":"https:\/\/www.pcnen.com\/portal\/wp-json\/wp\/v2\/posts\/354024\/revisions"}],"predecessor-version":[{"id":354025,"href":"https:\/\/www.pcnen.com\/portal\/wp-json\/wp\/v2\/posts\/354024\/revisions\/354025"}],"wp:featuredmedia":[{"embeddable":true,"href":"https:\/\/www.pcnen.com\/portal\/wp-json\/wp\/v2\/media\/274917"}],"wp:attachment":[{"href":"https:\/\/www.pcnen.com\/portal\/wp-json\/wp\/v2\/media?parent=354024"}],"wp:term":[{"taxonomy":"category","embeddable":true,"href":"https:\/\/www.pcnen.com\/portal\/wp-json\/wp\/v2\/categories?post=354024"},{"taxonomy":"post_tag","embeddable":true,"href":"https:\/\/www.pcnen.com\/portal\/wp-json\/wp\/v2\/tags?post=354024"}],"curies":[{"name":"wp","href":"https:\/\/api.w.org\/{rel}","templated":true}]}}