{"id":354017,"date":"2022-08-30T12:21:56","date_gmt":"2022-08-30T10:21:56","guid":{"rendered":"https:\/\/www.pcnen.com\/portal\/?p=354017"},"modified":"2022-09-02T11:21:41","modified_gmt":"2022-09-02T09:21:41","slug":"mandic-pozvao-sam-nekadasnju-parlamentarnu-vecinu-da-se-sastanemo-2-septembra-uzivo","status":"publish","type":"post","link":"https:\/\/www.pcnen.com\/portal\/2022\/08\/30\/mandic-pozvao-sam-nekadasnju-parlamentarnu-vecinu-da-se-sastanemo-2-septembra-uzivo\/","title":{"rendered":"Mandi\u0107: Pozvao sam nekada\u0161nju parlamentarnu ve\u0107inu da se sastanemo 2. septembra (u\u017eivo)"},"content":{"rendered":"<p><iframe loading=\"lazy\" style=\"border: none; overflow: hidden;\" src=\"https:\/\/www.facebook.com\/plugins\/video.php?href=https%3A%2F%2Fwww.facebook.com%2FDemokratskiFront%2Fvideos%2F1125713571699579%2F&amp;show_text=0&amp;width=560\" width=\"560\" height=\"315\" frameborder=\"0\" scrolling=\"no\" allowfullscreen=\"allowfullscreen\"><\/iframe><\/p>\n<p>Poziv za dogovor uputio je parlamentarnoj ve\u0107ini od 30. avgusta 2020.<\/p>\n<p>Mandi\u0107 je uputio poziv predsjednicima stranaka nekada\u0161nje parlamentarne ve\u0107ine da se 2. septembra u Skup\u0161tini sastanu, nepsoredno prije sjednice, kako bi odgovorili kako je kazao, narodnim te\u017enjama i \u017eeljama i postigli konkretan sporazum za formiranje Vlade.<\/p>\n<p>\u201cPoslije dva eksperimenta je do\u0161ao trenutak da porazgovaramo bez vra\u0107anja u nazada i da na\u0111emo rje\u0161enje na zadovoljstvo svih gra\u0111ana Crne Gore\u201d, naveo je Mandi\u0107.<\/p>\n<p>\u201cPoslije dva eksperimenta je do\u0161ao trenutak da porazgovaramo bez vra\u0107anja u nazada i da na\u0111emo rje\u0161enje na zadovoljstvo svih gra\u0111ana Crne Gore\u201d, naveo je Mandi\u0107.<\/p>\n<p>Poru\u010dio je da je DF spreman da preuzme odgovornost za Crnu Goru.<\/p>\n<p>&#8220;DF je spreman da po\u0161tuje sve preuzete obaveze, kako doma\u0107e tako i me\u0111unarodne&#8221;, poru\u010dio je Mandi\u0107.<\/p>\n<p>Na pitanje vidi li sebe kao mandatara, odgovorio je da je uradio puno stvari da do\u0111e do narastaju\u0107e snage naroda i do 30. avgusta.<\/p>\n<p>&#8220;Dvije godine sam bio van politi\u010dke arene, van Skup\u0161tine i sagledao sam bolje \u0161ta Crnoj Gori treba &#8211; mir, sloga, borba protiv kriminala i korupcije. Kolege stoje na stanovi\u0161tvu da bi to mjesto trebalo da pripadne najja\u010dem konstituentu i od toga bi trebalo svi da po\u0111u&#8221;, rekao je Mandi\u0107.<\/p>\n<p>Ka\u017ee i da je sat vremena za postizanje politi\u010dkog dogovora dovoljan.<\/p>\n<p>\u201cDF dolazi sa svojom platformom i iskazuje spremnost za dogovor\u201d, poru\u010dio je Mandi\u0107 i kazao da DF zove na po\u0161ten dogovor.<\/p>\n<p>Poru\u010dio je da je DF spreman da preuzme odgovornost za Crnu Goru.<\/p>\n<p>&#8220;DF je spreman da po\u0161tuje sve preuzete obaveze kako doma\u0107e tako me\u0111unarodne&#8221;, poru\u010dio je Mandi\u0107.<\/p>\n","protected":false},"excerpt":{"rendered":"<p>Predsjednik Nove srpske demokratije i jedan od lidera Demokratskog fronta Andrija Mandi\u0107 poru\u010dio je da je potrebno formirati tehni\u010dku vladu koja bi pripremila izbore i ispunila dio obe\u0107anja koje su, kako ka\u017ee, dali gra\u0111anima uo\u010di izbora prije dvije godine.<\/p>\n","protected":false},"author":1,"featured_media":287712,"comment_status":"open","ping_status":"closed","sticky":false,"template":"","format":"standard","meta":{"_seopress_robots_primary_cat":"","_seopress_titles_title":"","_seopress_titles_desc":"","_seopress_robots_index":"","_et_pb_use_builder":"","_et_pb_old_content":"","_et_gb_content_width":"","inline_featured_image":false,"footnotes":""},"categories":[14],"tags":[],"class_list":["post-354017","post","type-post","status-publish","format-standard","has-post-thumbnail","hentry","category-vijesti"],"_links":{"self":[{"href":"https:\/\/www.pcnen.com\/portal\/wp-json\/wp\/v2\/posts\/354017","targetHints":{"allow":["GET"]}}],"collection":[{"href":"https:\/\/www.pcnen.com\/portal\/wp-json\/wp\/v2\/posts"}],"about":[{"href":"https:\/\/www.pcnen.com\/portal\/wp-json\/wp\/v2\/types\/post"}],"author":[{"embeddable":true,"href":"https:\/\/www.pcnen.com\/portal\/wp-json\/wp\/v2\/users\/1"}],"replies":[{"embeddable":true,"href":"https:\/\/www.pcnen.com\/portal\/wp-json\/wp\/v2\/comments?post=354017"}],"version-history":[{"count":7,"href":"https:\/\/www.pcnen.com\/portal\/wp-json\/wp\/v2\/posts\/354017\/revisions"}],"predecessor-version":[{"id":354240,"href":"https:\/\/www.pcnen.com\/portal\/wp-json\/wp\/v2\/posts\/354017\/revisions\/354240"}],"wp:featuredmedia":[{"embeddable":true,"href":"https:\/\/www.pcnen.com\/portal\/wp-json\/wp\/v2\/media\/287712"}],"wp:attachment":[{"href":"https:\/\/www.pcnen.com\/portal\/wp-json\/wp\/v2\/media?parent=354017"}],"wp:term":[{"taxonomy":"category","embeddable":true,"href":"https:\/\/www.pcnen.com\/portal\/wp-json\/wp\/v2\/categories?post=354017"},{"taxonomy":"post_tag","embeddable":true,"href":"https:\/\/www.pcnen.com\/portal\/wp-json\/wp\/v2\/tags?post=354017"}],"curies":[{"name":"wp","href":"https:\/\/api.w.org\/{rel}","templated":true}]}}