{"id":354012,"date":"2022-08-30T10:53:42","date_gmt":"2022-08-30T08:53:42","guid":{"rendered":"https:\/\/www.pcnen.com\/portal\/?p=354012"},"modified":"2022-08-30T10:53:56","modified_gmt":"2022-08-30T08:53:56","slug":"danilovic-necemo-vam-oprostiti-izdaju","status":"publish","type":"post","link":"https:\/\/www.pcnen.com\/portal\/2022\/08\/30\/danilovic-necemo-vam-oprostiti-izdaju\/","title":{"rendered":"Danilovi\u0107: Ne\u0107emo vam oprostiti izdaju"},"content":{"rendered":"<p>\u201cTako smo neki najavljivali pobjedu koja se zaista i dogodila, pobjedu skuplju vijeka. Pobjedu koju su neki iznijeli na pazar i rasprodali u bescjenje. Ne\u0107emo vam oprostiti izdaju! Pobijedi\u0107emo vas opet!<\/p>\n<p>&#8220;Nit je rosa, nit je jarko sunce, to se Gospod uselio u me&#8221;, napisao je Danilovi\u0107 povodom 30. avgusta 2020. kada je poslije 30 godina smijenjena vlast u Crnoj Gori.<\/p>\n<p><iframe loading=\"lazy\" style=\"border: none; overflow: hidden;\" src=\"https:\/\/www.facebook.com\/plugins\/post.php?href=https%3A%2F%2Fwww.facebook.com%2Fpermalink.php%3Fstory_fbid%3Dpfbid0HN9ijQ6EYThGsWrb4kw24ViSavKyTJwSCsfM98jLmRkerFSomQhLvejYgEV9KiqWl%26id%3D100001539260158&amp;show_text=true&amp;width=500\" width=\"500\" height=\"522\" frameborder=\"0\" scrolling=\"no\" allowfullscreen=\"allowfullscreen\"><\/iframe><\/p>\n","protected":false},"excerpt":{"rendered":"<p>Lider Ujedinjene Crne Gore Goran Danilovi\u0107 poru\u010dio je na Fejsbuku da ne\u0107e oprostiti izdaju, te da \u0107e opet pobijediti.<\/p>\n","protected":false},"author":1,"featured_media":349041,"comment_status":"open","ping_status":"closed","sticky":false,"template":"","format":"standard","meta":{"_seopress_robots_primary_cat":"","_seopress_titles_title":"","_seopress_titles_desc":"","_seopress_robots_index":"","_et_pb_use_builder":"","_et_pb_old_content":"","_et_gb_content_width":"","inline_featured_image":false,"footnotes":""},"categories":[14],"tags":[],"class_list":["post-354012","post","type-post","status-publish","format-standard","has-post-thumbnail","hentry","category-vijesti"],"_links":{"self":[{"href":"https:\/\/www.pcnen.com\/portal\/wp-json\/wp\/v2\/posts\/354012","targetHints":{"allow":["GET"]}}],"collection":[{"href":"https:\/\/www.pcnen.com\/portal\/wp-json\/wp\/v2\/posts"}],"about":[{"href":"https:\/\/www.pcnen.com\/portal\/wp-json\/wp\/v2\/types\/post"}],"author":[{"embeddable":true,"href":"https:\/\/www.pcnen.com\/portal\/wp-json\/wp\/v2\/users\/1"}],"replies":[{"embeddable":true,"href":"https:\/\/www.pcnen.com\/portal\/wp-json\/wp\/v2\/comments?post=354012"}],"version-history":[{"count":1,"href":"https:\/\/www.pcnen.com\/portal\/wp-json\/wp\/v2\/posts\/354012\/revisions"}],"predecessor-version":[{"id":354013,"href":"https:\/\/www.pcnen.com\/portal\/wp-json\/wp\/v2\/posts\/354012\/revisions\/354013"}],"wp:featuredmedia":[{"embeddable":true,"href":"https:\/\/www.pcnen.com\/portal\/wp-json\/wp\/v2\/media\/349041"}],"wp:attachment":[{"href":"https:\/\/www.pcnen.com\/portal\/wp-json\/wp\/v2\/media?parent=354012"}],"wp:term":[{"taxonomy":"category","embeddable":true,"href":"https:\/\/www.pcnen.com\/portal\/wp-json\/wp\/v2\/categories?post=354012"},{"taxonomy":"post_tag","embeddable":true,"href":"https:\/\/www.pcnen.com\/portal\/wp-json\/wp\/v2\/tags?post=354012"}],"curies":[{"name":"wp","href":"https:\/\/api.w.org\/{rel}","templated":true}]}}