{"id":354002,"date":"2022-08-30T10:00:33","date_gmt":"2022-08-30T08:00:33","guid":{"rendered":"https:\/\/www.pcnen.com\/portal\/?p=354002"},"modified":"2022-08-30T10:00:33","modified_gmt":"2022-08-30T08:00:33","slug":"krivokapic-vrijeme-je-da-cg-pocne-sa-demohriscanskim-pristupom","status":"publish","type":"post","link":"https:\/\/www.pcnen.com\/portal\/2022\/08\/30\/krivokapic-vrijeme-je-da-cg-pocne-sa-demohriscanskim-pristupom\/","title":{"rendered":"Krivokapi\u0107: Vrijeme je da CG po\u010dne sa demohri\u0161\u0107anskim pristupom"},"content":{"rendered":"<p>\u201cRe\u017eim je pao, ali i opstao. Promjene su svuda vidljive osim u politi\u010dkom \u017eivotu. Sada nikome nisam smetnja pa doka\u017eite da 41 postoji\u201d, dodao je Krivokapi\u0107.<\/p>\n<p>On je \u201cslobodnom narodu slobodne Crne Gore\u201d poru\u010dio da ne dozvoli da ga varaju.<\/p>\n<p>\u201cGlas naroda je glas demokratije\u201d, naglasio je Krivokapi\u0107.<\/p>\n<p>Krivokapi\u0107 je vi\u0161e puta govorio o njegovom potencijalnom uklju\u010divanju u politiku, te formiranju Demohri\u0161\u0107anske stranke.<\/p>\n<blockquote class=\"twitter-tweet\">\n<p dir=\"ltr\" lang=\"und\">30.08. <a href=\"https:\/\/t.co\/YBcaYhp8vU\">pic.twitter.com\/YBcaYhp8vU<\/a><\/p>\n<p>\u2014 Zdravko Krivokapi\u0107 (@profKrivokapic) <a href=\"https:\/\/twitter.com\/profKrivokapic\/status\/1564509261660553222?ref_src=twsrc%5Etfw\">August 30, 2022<\/a><\/p><\/blockquote>\n<p><script async src=\"https:\/\/platform.twitter.com\/widgets.js\" charset=\"utf-8\"><\/script><\/p>\n<p>&nbsp;<\/p>\n<blockquote class=\"wp-embedded-content\" data-secret=\"RWWozuBBsD\"><p><a href=\"https:\/\/www.pcnen.com\/portal\/2022\/06\/29\/zdravko-krivokapic-najavljuje-osnivanje-demohriscanske-stranke\/\">Zdravko Krivokapi\u0107 najavljuje osnivanje Demohri\u0161\u0107anske stranke?<\/a><\/p><\/blockquote>\n<p><iframe loading=\"lazy\" class=\"wp-embedded-content\" sandbox=\"allow-scripts\" security=\"restricted\" style=\"position: absolute; clip: rect(1px, 1px, 1px, 1px);\" title=\"&#8220;Zdravko Krivokapi\u0107 najavljuje osnivanje Demohri\u0161\u0107anske stranke?&#8221; &#8212; PCNEN\" src=\"https:\/\/www.pcnen.com\/portal\/2022\/06\/29\/zdravko-krivokapic-najavljuje-osnivanje-demohriscanske-stranke\/embed\/#?secret=PT5Wy3IcTt#?secret=RWWozuBBsD\" data-secret=\"RWWozuBBsD\" width=\"600\" height=\"338\" frameborder=\"0\" marginwidth=\"0\" marginheight=\"0\" scrolling=\"no\"><\/iframe><\/p>\n","protected":false},"excerpt":{"rendered":"<p>Biv\u0161i premijer Zdravko Krivokapi\u0107 je na Tviteru podsjetio da se na dana\u0161nji dan prije dvije godine desila istorijska smjena vlasti.<\/p>\n","protected":false},"author":1,"featured_media":305773,"comment_status":"open","ping_status":"closed","sticky":false,"template":"","format":"standard","meta":{"_seopress_robots_primary_cat":"","_seopress_titles_title":"","_seopress_titles_desc":"","_seopress_robots_index":"","_et_pb_use_builder":"","_et_pb_old_content":"","_et_gb_content_width":"","inline_featured_image":false,"footnotes":""},"categories":[14],"tags":[],"class_list":["post-354002","post","type-post","status-publish","format-standard","has-post-thumbnail","hentry","category-vijesti"],"_links":{"self":[{"href":"https:\/\/www.pcnen.com\/portal\/wp-json\/wp\/v2\/posts\/354002","targetHints":{"allow":["GET"]}}],"collection":[{"href":"https:\/\/www.pcnen.com\/portal\/wp-json\/wp\/v2\/posts"}],"about":[{"href":"https:\/\/www.pcnen.com\/portal\/wp-json\/wp\/v2\/types\/post"}],"author":[{"embeddable":true,"href":"https:\/\/www.pcnen.com\/portal\/wp-json\/wp\/v2\/users\/1"}],"replies":[{"embeddable":true,"href":"https:\/\/www.pcnen.com\/portal\/wp-json\/wp\/v2\/comments?post=354002"}],"version-history":[{"count":1,"href":"https:\/\/www.pcnen.com\/portal\/wp-json\/wp\/v2\/posts\/354002\/revisions"}],"predecessor-version":[{"id":354003,"href":"https:\/\/www.pcnen.com\/portal\/wp-json\/wp\/v2\/posts\/354002\/revisions\/354003"}],"wp:featuredmedia":[{"embeddable":true,"href":"https:\/\/www.pcnen.com\/portal\/wp-json\/wp\/v2\/media\/305773"}],"wp:attachment":[{"href":"https:\/\/www.pcnen.com\/portal\/wp-json\/wp\/v2\/media?parent=354002"}],"wp:term":[{"taxonomy":"category","embeddable":true,"href":"https:\/\/www.pcnen.com\/portal\/wp-json\/wp\/v2\/categories?post=354002"},{"taxonomy":"post_tag","embeddable":true,"href":"https:\/\/www.pcnen.com\/portal\/wp-json\/wp\/v2\/tags?post=354002"}],"curies":[{"name":"wp","href":"https:\/\/api.w.org\/{rel}","templated":true}]}}