{"id":353988,"date":"2022-08-29T22:14:55","date_gmt":"2022-08-29T20:14:55","guid":{"rendered":"https:\/\/www.pcnen.com\/portal\/?p=353988"},"modified":"2022-08-29T22:16:31","modified_gmt":"2022-08-29T20:16:31","slug":"ura-zahvalila-katnicu-na-priznanju","status":"publish","type":"post","link":"https:\/\/www.pcnen.com\/portal\/2022\/08\/29\/ura-zahvalila-katnicu-na-priznanju\/","title":{"rendered":"URA zahvalila Katni\u0107u na priznanju"},"content":{"rendered":"<p>\u201cZahvaljujemo Milivoju Katni\u0107u na priznanju da su URA i Dritan Abazovi\u0107 glavni krivci jer je za\u0161titnik mafije uklonjen sa pozicije SDT. Nastavljamo borbu protiv kriminala i korupcije, jo\u0161 sna\u017enije i odlu\u010dnije\u201d.<\/p>\n<p>Katni\u0107 je prvo optu\u017eio Abazovi\u0107a da je htio da ga sa tzv. \u0160kaljarskim klanom htio da ga likvidira, a ve\u010deras je kazao da je Abazovi\u0107evo kodno ime bilo \u2018Brat\u2019.<\/p>\n<p>https:\/\/twitter.com\/pokretura\/status\/1564327946575298560<\/p>\n<blockquote class=\"wp-embedded-content\" data-secret=\"kOnPxaM6Kr\"><p><a href=\"https:\/\/www.pcnen.com\/portal\/2022\/08\/29\/katnic-abazovic-je-imao-kodno-ime-brat-uzivo\/\">Katni\u0107: Abazovi\u0107 je imao kodno ime \u2018Brat\u2019 \u00a0(u\u017eivo)<\/a><\/p><\/blockquote>\n<p><iframe loading=\"lazy\" class=\"wp-embedded-content\" sandbox=\"allow-scripts\" security=\"restricted\" style=\"position: absolute; clip: rect(1px, 1px, 1px, 1px);\" title=\"&#8220;Katni\u0107: Abazovi\u0107 je imao kodno ime \u2018Brat\u2019 \u00a0(u\u017eivo)&#8221; &#8212; PCNEN\" src=\"https:\/\/www.pcnen.com\/portal\/2022\/08\/29\/katnic-abazovic-je-imao-kodno-ime-brat-uzivo\/embed\/#?secret=OPEPxHQrCY#?secret=kOnPxaM6Kr\" data-secret=\"kOnPxaM6Kr\" width=\"600\" height=\"338\" frameborder=\"0\" marginwidth=\"0\" marginheight=\"0\" scrolling=\"no\"><\/iframe><\/p>\n","protected":false},"excerpt":{"rendered":"<p>Politi\u010dki pokret URA, \u010diji je lider Dritan Abazovi\u0107 na \u010delu manjinske vlade kojoj je nedavno izglasano nepovjerenje, reagovala je tvitom na najnovije optu\u017ebe biv\u0161eg specijalnog dr\u017eavnog tu\u017eioca Milivoja Katni\u0107a, iznesene u intervju za Gradsku televiziju.<\/p>\n","protected":false},"author":1,"featured_media":323001,"comment_status":"open","ping_status":"closed","sticky":false,"template":"","format":"standard","meta":{"_seopress_robots_primary_cat":"","_seopress_titles_title":"","_seopress_titles_desc":"","_seopress_robots_index":"","_et_pb_use_builder":"","_et_pb_old_content":"","_et_gb_content_width":"","inline_featured_image":false,"footnotes":""},"categories":[14],"tags":[],"class_list":["post-353988","post","type-post","status-publish","format-standard","has-post-thumbnail","hentry","category-vijesti"],"_links":{"self":[{"href":"https:\/\/www.pcnen.com\/portal\/wp-json\/wp\/v2\/posts\/353988","targetHints":{"allow":["GET"]}}],"collection":[{"href":"https:\/\/www.pcnen.com\/portal\/wp-json\/wp\/v2\/posts"}],"about":[{"href":"https:\/\/www.pcnen.com\/portal\/wp-json\/wp\/v2\/types\/post"}],"author":[{"embeddable":true,"href":"https:\/\/www.pcnen.com\/portal\/wp-json\/wp\/v2\/users\/1"}],"replies":[{"embeddable":true,"href":"https:\/\/www.pcnen.com\/portal\/wp-json\/wp\/v2\/comments?post=353988"}],"version-history":[{"count":3,"href":"https:\/\/www.pcnen.com\/portal\/wp-json\/wp\/v2\/posts\/353988\/revisions"}],"predecessor-version":[{"id":353991,"href":"https:\/\/www.pcnen.com\/portal\/wp-json\/wp\/v2\/posts\/353988\/revisions\/353991"}],"wp:featuredmedia":[{"embeddable":true,"href":"https:\/\/www.pcnen.com\/portal\/wp-json\/wp\/v2\/media\/323001"}],"wp:attachment":[{"href":"https:\/\/www.pcnen.com\/portal\/wp-json\/wp\/v2\/media?parent=353988"}],"wp:term":[{"taxonomy":"category","embeddable":true,"href":"https:\/\/www.pcnen.com\/portal\/wp-json\/wp\/v2\/categories?post=353988"},{"taxonomy":"post_tag","embeddable":true,"href":"https:\/\/www.pcnen.com\/portal\/wp-json\/wp\/v2\/tags?post=353988"}],"curies":[{"name":"wp","href":"https:\/\/api.w.org\/{rel}","templated":true}]}}