{"id":353973,"date":"2022-08-29T20:40:29","date_gmt":"2022-08-29T18:40:29","guid":{"rendered":"https:\/\/www.pcnen.com\/portal\/?p=353973"},"modified":"2022-08-29T21:02:38","modified_gmt":"2022-08-29T19:02:38","slug":"katnic-abazovic-je-imao-kodno-ime-brat-uzivo","status":"publish","type":"post","link":"https:\/\/www.pcnen.com\/portal\/2022\/08\/29\/katnic-abazovic-je-imao-kodno-ime-brat-uzivo\/","title":{"rendered":"Katni\u0107: Abazovi\u0107 je imao kodno ime \u2018Brat\u2019 \u00a0(u\u017eivo)"},"content":{"rendered":"<p>\u201cIzjavio je da sam ja u vezi sa \u0161vercerima duvana, \u0161to je potpuna neistina. Nikad u \u017eivotu nijesam uzeo cigar u ruku, smatram ga ne manje \u0161tetnim nego drogu. Tako\u0111e, ne poznajem ljude iz Bemaxa, mo\u017eda smo se na neko pokajanje sreli, ali ja to ne znam. Ta firma je donirala \u0161kolu od nekolika miliona, pa neka ovi drugi od onih 21 milion doniraju\u201d, kazao je Katni\u0107.<\/p>\n<p>Ranije je, kako navodi, planirao da podnese prijavu zbog Abazovi\u0107a zbog planiranja njegove likvidacije.<\/p>\n<p>\u201cNa SKY aplikaciji su postojali podaci koji su potvrdili da su dva lica iz Crne Gore planirala da, kad meni prestane funkcija, izvr\u0161e moju likvidaciju. Sve je bilo savr\u0161eno i tehni\u010dki pripremljeno\u201d, naveo je on.<\/p>\n<p>Tad je, kako dodaje, bila pripremljena likvidacija i Sa\u0161e \u010ca\u0111enovi\u0107a.<\/p>\n<p>\u201cAbazovi\u0107 je imao kodni naziv Brat, zato sam ga ja \u010desto tako zvao\u201d, kazao je on.<\/p>\n<p>Ranije nije reagovao, kako ka\u017ee, jer su \u201cizdajnici, proklete im du\u0161e, iznijeli sve informacije i obavijestili Abazovi\u0107a o na\u0161im saznanjima\u201d.<\/p>\n<p>\u201cAbazovi\u0107 je, kad je saznao za mjere nadzora, zaprijetio policijskim slu\u017ebenicima\u201d, tvrdi Katni\u0107.<\/p>\n<p>Nakon njegovog odlaska iz Specijalnog dr\u017eavnog tu\u017eila\u0161tva, kako isti\u010de, sad je rastureno.<\/p>\n<p>\u201cAbazovi\u0107 je dolazio u moju ku\u0107u na selo, poslao ga je jedan mo\u0107an entitet, ali on je odmah po\u010deo da mi postavlja uslove koje ja ne mogu da ispunim. Abazovi\u0107 je samo simulirao saradnju, a mene \u017eelio da predstavi kao \u010dovjeka koji \u0161titi kriminalce\u201d, kazao je Katni\u0107.<br \/>\n<iframe loading=\"lazy\" title=\"YouTube video player\" src=\"https:\/\/www.youtube.com\/embed\/ZKi4NrMBS9w\" width=\"560\" height=\"315\" frameborder=\"0\" allowfullscreen=\"allowfullscreen\"><\/iframe><\/p>\n<p>&nbsp;<\/p>\n<blockquote class=\"wp-embedded-content\" data-secret=\"h6911RXzDZ\"><p><a href=\"https:\/\/www.pcnen.com\/portal\/2022\/08\/26\/katnic-abazovic-je-sa-skaljarcima-pripremao-moje-ubistvo\/\">Katni\u0107: Abazovi\u0107 je sa \u0160kaljarcima pripremao moje ubistvo<\/a><\/p><\/blockquote>\n<p><iframe loading=\"lazy\" class=\"wp-embedded-content\" sandbox=\"allow-scripts\" security=\"restricted\" style=\"position: absolute; clip: rect(1px, 1px, 1px, 1px);\" title=\"&#8220;Katni\u0107: Abazovi\u0107 je sa \u0160kaljarcima pripremao moje ubistvo&#8221; &#8212; PCNEN\" src=\"https:\/\/www.pcnen.com\/portal\/2022\/08\/26\/katnic-abazovic-je-sa-skaljarcima-pripremao-moje-ubistvo\/embed\/#?secret=jKzoKn7kse#?secret=h6911RXzDZ\" data-secret=\"h6911RXzDZ\" width=\"600\" height=\"338\" frameborder=\"0\" marginwidth=\"0\" marginheight=\"0\" scrolling=\"no\"><\/iframe><\/p>\n","protected":false},"excerpt":{"rendered":"<p>Nekada\u0161nji Glavni specijalni tu\u017eilac Milivoje Katni\u0107 kazao je, gostuju\u0107i na Gradskoj televiziji, da \u0107e protiv odlaze\u0107eg premijera podnijeti krivi\u010dnu prijavu zbog zloupotrebe slu\u017ebenog polo\u017eaja.<\/p>\n","protected":false},"author":1,"featured_media":353974,"comment_status":"open","ping_status":"closed","sticky":false,"template":"","format":"standard","meta":{"_seopress_robots_primary_cat":"","_seopress_titles_title":"","_seopress_titles_desc":"","_seopress_robots_index":"","_et_pb_use_builder":"","_et_pb_old_content":"","_et_gb_content_width":"","inline_featured_image":false,"footnotes":""},"categories":[14],"tags":[],"class_list":["post-353973","post","type-post","status-publish","format-standard","has-post-thumbnail","hentry","category-vijesti"],"_links":{"self":[{"href":"https:\/\/www.pcnen.com\/portal\/wp-json\/wp\/v2\/posts\/353973","targetHints":{"allow":["GET"]}}],"collection":[{"href":"https:\/\/www.pcnen.com\/portal\/wp-json\/wp\/v2\/posts"}],"about":[{"href":"https:\/\/www.pcnen.com\/portal\/wp-json\/wp\/v2\/types\/post"}],"author":[{"embeddable":true,"href":"https:\/\/www.pcnen.com\/portal\/wp-json\/wp\/v2\/users\/1"}],"replies":[{"embeddable":true,"href":"https:\/\/www.pcnen.com\/portal\/wp-json\/wp\/v2\/comments?post=353973"}],"version-history":[{"count":2,"href":"https:\/\/www.pcnen.com\/portal\/wp-json\/wp\/v2\/posts\/353973\/revisions"}],"predecessor-version":[{"id":353976,"href":"https:\/\/www.pcnen.com\/portal\/wp-json\/wp\/v2\/posts\/353973\/revisions\/353976"}],"wp:featuredmedia":[{"embeddable":true,"href":"https:\/\/www.pcnen.com\/portal\/wp-json\/wp\/v2\/media\/353974"}],"wp:attachment":[{"href":"https:\/\/www.pcnen.com\/portal\/wp-json\/wp\/v2\/media?parent=353973"}],"wp:term":[{"taxonomy":"category","embeddable":true,"href":"https:\/\/www.pcnen.com\/portal\/wp-json\/wp\/v2\/categories?post=353973"},{"taxonomy":"post_tag","embeddable":true,"href":"https:\/\/www.pcnen.com\/portal\/wp-json\/wp\/v2\/tags?post=353973"}],"curies":[{"name":"wp","href":"https:\/\/api.w.org\/{rel}","templated":true}]}}