{"id":353971,"date":"2022-08-29T18:18:15","date_gmt":"2022-08-29T16:18:15","guid":{"rendered":"https:\/\/www.pcnen.com\/portal\/?p=353971"},"modified":"2022-08-29T18:18:15","modified_gmt":"2022-08-29T16:18:15","slug":"plenkovic-optuznica-srbije-protiv-hrvatskih-pilota-za-nas-ne-postoji","status":"publish","type":"post","link":"https:\/\/www.pcnen.com\/portal\/2022\/08\/29\/plenkovic-optuznica-srbije-protiv-hrvatskih-pilota-za-nas-ne-postoji\/","title":{"rendered":"Plenkovi\u0107: Optu\u017enica Srbije protiv hrvatskih pilota za nas ne postoji"},"content":{"rendered":"<p>&#8220;Nadle\u017enost Srbije u predmetima koji se ti\u010du navodnih po\u010dinjenja krivi\u010dnih djela na teritorijima drugih dr\u017eava, od strane dr\u017eavljana drugih dr\u017eava, za nas je neprihvatljiva ve\u0107 godinama, to ne dolazi u obzir&#8221;, rekao je hrvatski premijer na Bledu, prenosi Fena.<\/p>\n<p>Apelacioni sud u Beogradu je 20. avgusta potvrdio rje\u0161enje Vi\u0161eg suda u Beogradu kojim je potvr\u0111ena optu\u017enica srpskog Tu\u017eila\u0161tva za ratne zlo\u010dine protiv \u010detvorice oficiri Hrvatskog ratnog vazduhoplovstva (HRZ) za ratne zlo\u010dine po\u010dinjene u akciji Oluja 1995. godine.<\/p>\n<p>Plenkovi\u0107 je rekao da postoji me\u0111unarodna instanca, biv\u0161i Ha\u0161ki sud i dana\u0161nji Rezidualni mehanizam, te da stoga ne dolazi u obzir da Srbija &#8220;kao agresor u vremenu velikosrpskog re\u017eima Slobodana Milo\u0161evi\u0107a&#8221; koja je napala Hrvatsku, BiH i Sloveniju pretendira biti dr\u017eava koja \u0107e podizati optu\u017enice protiv hrvatskih pilota u vrijeme Otad\u017ebinskog rata.<\/p>\n<p>&#8220;Dakle, taj predmet za nas kao dr\u017eavu ne postoji&#8221;, naglasio je, dodav\u0161i da je Hrvatska tu jasna i &#8220;ne\u0107e se mijenjati niti milimetra&#8221; te da se Srbija &#8220;jako, jako dobro mora suo\u010diti sa svojom pro\u0161lo\u0161\u0107u i ulogom devedesetih godina&#8221;.<\/p>\n","protected":false},"excerpt":{"rendered":"<p>Optu\u017enica Srbije protiv hrvatskih pilota za zlo\u010dine u Oluji za Hrvatsku kao predmet &#8220;ne postoji&#8221;, rekao je hrvatski premijer Andrej Plenkovi\u0107, dodav\u0161i kako se taj stav ne\u0107e &#8220;mijenjati ni milimetra&#8221;.<\/p>\n","protected":false},"author":1,"featured_media":0,"comment_status":"open","ping_status":"closed","sticky":false,"template":"","format":"standard","meta":{"_seopress_robots_primary_cat":"","_seopress_titles_title":"","_seopress_titles_desc":"","_seopress_robots_index":"","_et_pb_use_builder":"","_et_pb_old_content":"","_et_gb_content_width":"","inline_featured_image":false,"footnotes":""},"categories":[14],"tags":[],"class_list":["post-353971","post","type-post","status-publish","format-standard","hentry","category-vijesti"],"_links":{"self":[{"href":"https:\/\/www.pcnen.com\/portal\/wp-json\/wp\/v2\/posts\/353971","targetHints":{"allow":["GET"]}}],"collection":[{"href":"https:\/\/www.pcnen.com\/portal\/wp-json\/wp\/v2\/posts"}],"about":[{"href":"https:\/\/www.pcnen.com\/portal\/wp-json\/wp\/v2\/types\/post"}],"author":[{"embeddable":true,"href":"https:\/\/www.pcnen.com\/portal\/wp-json\/wp\/v2\/users\/1"}],"replies":[{"embeddable":true,"href":"https:\/\/www.pcnen.com\/portal\/wp-json\/wp\/v2\/comments?post=353971"}],"version-history":[{"count":1,"href":"https:\/\/www.pcnen.com\/portal\/wp-json\/wp\/v2\/posts\/353971\/revisions"}],"predecessor-version":[{"id":353972,"href":"https:\/\/www.pcnen.com\/portal\/wp-json\/wp\/v2\/posts\/353971\/revisions\/353972"}],"wp:attachment":[{"href":"https:\/\/www.pcnen.com\/portal\/wp-json\/wp\/v2\/media?parent=353971"}],"wp:term":[{"taxonomy":"category","embeddable":true,"href":"https:\/\/www.pcnen.com\/portal\/wp-json\/wp\/v2\/categories?post=353971"},{"taxonomy":"post_tag","embeddable":true,"href":"https:\/\/www.pcnen.com\/portal\/wp-json\/wp\/v2\/tags?post=353971"}],"curies":[{"name":"wp","href":"https:\/\/api.w.org\/{rel}","templated":true}]}}