{"id":353967,"date":"2022-08-29T17:07:16","date_gmt":"2022-08-29T15:07:16","guid":{"rendered":"https:\/\/www.pcnen.com\/portal\/?p=353967"},"modified":"2022-08-29T17:07:16","modified_gmt":"2022-08-29T15:07:16","slug":"vucic-srbija-pozornica-za-posrednicki-rat-istoka-i-zapada","status":"publish","type":"post","link":"https:\/\/www.pcnen.com\/portal\/2022\/08\/29\/vucic-srbija-pozornica-za-posrednicki-rat-istoka-i-zapada\/","title":{"rendered":"Vu\u010di\u0107: Srbija pozornica za posredni\u010dki rat Istoka i Zapada"},"content":{"rendered":"<p>Britanska novinska agencija navodi da ova Vu\u010di\u0107eva konstatacija dolazi dan nakon protesta u Beogradu protiv gej parade, apostrofiraju\u0107i da su na tom protestu okupljeni nosili ruske zastave i postere ruskog predsjednika Vladimira Putina.<\/p>\n<p>Srpski predsjednik je rekao da ne mo\u017ee da ka\u017ee da je neko posredovao u ovom &#8220;napadu&#8221;, jer je bilo mnogo obi\u010dnih ljudi na protestu, ali je dodao i da nema dilemu da se u Srbiji odvija posredni konflikt.<\/p>\n<p>&#8220;Bez dileme, ovde postoji posredni sukob izme\u0111u Istoka i Zapada&#8221;, dodao je Vu\u010di\u0107, prenosi N1.<\/p>\n<p>Rojters dodaje da je Srbija kandidat za \u010dlansvo u EU, da je vojno neutralna, me\u0111utim, da odr\u017eava veze sa NATO i da je kupila oru\u017eje od \u010dlanica zemalja Alijanse.<\/p>\n<p>Navodi se i da je Beograd skoro potpuno zavisan od ruskog gasa i da je kupio oru\u017eje od Rusije, a da je Kina glavni investitor u Srbiji, uglavnom u rudarstvu i infrastrukturi.<\/p>\n<p>Rojters konstatuje da je Srbija osudila ruski napad na Ukrajinu u UN, ali da je odbila da uvede sankcije Moskvi, kao i da Rusija i Kina podr\u017eavaju Srbiju u o\u010duvanju Kosova.<\/p>\n<p>&#8220;Poku\u0161avamo da pre\u017eivimo, sa \u0161to manje rana i o\u017eiljaka koliko je to mogu\u0107e&#8221;,\u00a0 rekao je Vu\u010di\u0107.<\/p>\n<p>Rojters se osvrnuo i na nedavni dogovor izme\u0111u Beograda i Pri\u0161tine oko dokumenata, ali da vlasti u Pri\u0161tini tra\u017ee od lokalnih Srba da promjene registarske tablice, sa srpskih na kosovske.<\/p>\n<p>Vu\u010di\u0107 je rekao da ne vjeruje da Pri\u0161tina \u017eeli &#8220;ozbiljan razgovor ili ozbiljan dijalog&#8221;, ali da oni vjeruju da mogu da nametnu svoje planove uz podr\u0161ku Zapada.<\/p>\n<p>&#8220;Verujem da \u0107e te zemlje koje \u0161tite takozvanu nezavisnost Kosova uveriti re\u017eim u Pri\u0161tini da se ne igraju sa konfliktom u regionu, koji je svakako pun problema&#8221;, dodao je Vu\u010di\u0107.<\/p>\n<p>Srbijanski predsejdnik je istakao da se vi\u0161e razgovora i &#8220;\u0161atl diplomatija&#8221; izaslanika EU i SAD o\u010dekuje narednih nedjelja.<\/p>\n","protected":false},"excerpt":{"rendered":"<p>Srbija je pozornica za posredni\u010dki rat izme\u0111u Istoka i Zapada, izjavio je za Rojters Aleksandar Vu\u010di\u0107, predsjednik Srbije<\/p>\n","protected":false},"author":1,"featured_media":351137,"comment_status":"open","ping_status":"closed","sticky":false,"template":"","format":"standard","meta":{"_seopress_robots_primary_cat":"","_seopress_titles_title":"","_seopress_titles_desc":"","_seopress_robots_index":"","_et_pb_use_builder":"","_et_pb_old_content":"","_et_gb_content_width":"","inline_featured_image":false,"footnotes":""},"categories":[14],"tags":[],"class_list":["post-353967","post","type-post","status-publish","format-standard","has-post-thumbnail","hentry","category-vijesti"],"_links":{"self":[{"href":"https:\/\/www.pcnen.com\/portal\/wp-json\/wp\/v2\/posts\/353967","targetHints":{"allow":["GET"]}}],"collection":[{"href":"https:\/\/www.pcnen.com\/portal\/wp-json\/wp\/v2\/posts"}],"about":[{"href":"https:\/\/www.pcnen.com\/portal\/wp-json\/wp\/v2\/types\/post"}],"author":[{"embeddable":true,"href":"https:\/\/www.pcnen.com\/portal\/wp-json\/wp\/v2\/users\/1"}],"replies":[{"embeddable":true,"href":"https:\/\/www.pcnen.com\/portal\/wp-json\/wp\/v2\/comments?post=353967"}],"version-history":[{"count":1,"href":"https:\/\/www.pcnen.com\/portal\/wp-json\/wp\/v2\/posts\/353967\/revisions"}],"predecessor-version":[{"id":353968,"href":"https:\/\/www.pcnen.com\/portal\/wp-json\/wp\/v2\/posts\/353967\/revisions\/353968"}],"wp:featuredmedia":[{"embeddable":true,"href":"https:\/\/www.pcnen.com\/portal\/wp-json\/wp\/v2\/media\/351137"}],"wp:attachment":[{"href":"https:\/\/www.pcnen.com\/portal\/wp-json\/wp\/v2\/media?parent=353967"}],"wp:term":[{"taxonomy":"category","embeddable":true,"href":"https:\/\/www.pcnen.com\/portal\/wp-json\/wp\/v2\/categories?post=353967"},{"taxonomy":"post_tag","embeddable":true,"href":"https:\/\/www.pcnen.com\/portal\/wp-json\/wp\/v2\/tags?post=353967"}],"curies":[{"name":"wp","href":"https:\/\/api.w.org\/{rel}","templated":true}]}}