{"id":35394,"date":"2010-04-01T15:25:27","date_gmt":"2010-04-01T15:25:27","guid":{"rendered":"http:\/\/www.pcnen.com\/portal\/?p=35394"},"modified":"2010-04-01T15:25:27","modified_gmt":"2010-04-01T15:25:27","slug":"calovic-necete-nas-ucutkati-gospodine-brol","status":"publish","type":"post","link":"https:\/\/www.pcnen.com\/portal\/2010\/04\/01\/calovic-necete-nas-ucutkati-gospodine-brol\/","title":{"rendered":"\u0106alovi\u0107: Ne\u0107ete nas u\u0107utkati, gospodine Brol"},"content":{"rendered":"<p>Izvr&scaron;na direktorica Mre\u017ee za afirmaciju nevladinog sektora (MANS) Vanja \u0106alovi\u0107 je u odgovoru direktoru \u017deljezare Nik&scaron;i\u0107 AD Danielu Brolu kazala da njegove prijetnje ne\u0107e u\u0107utkati MANS, &quot;jer su svi podaci koje je MANS do sada iznio u javnost i koje \u0107e tek iznijeti, zasnovani na \u010dinjenicama i zvani\u010dnim dokumentima dr\u017eave Crne Gore, Holandije, Velike Britanije, Luksemburga i Kajmanskih ostrva&quot;.<\/p>\n<p>Ona podsje\u0107am Brola da je u revizorskim izvje&scaron;tajima za 2008. i prvu polovinu 2009. godine eksplicitno navedena identi\u010dna konstatacija revizora i to: <em>&quot;\u017deljezara ima kontrolu nad filijalom \u017deljezara Nik&scaron;i\u0107 (Netherlands) BV koja je u potpunosti u njenom vlasni&scaron;tvu. Ovi finansijski iskazi ne sadr\u017ee podatke o sredstvima i poslovanju filijale&quot; (strana 9 izvje&scaron;taja za 2008., ta\u010dka 3b i strana 9 izvje&scaron;taja za prvu polovinu 2009., ta\u010dka 3b).&quot;<\/em><\/p>\n<p>&quot;Prema tome, nema prostora za va&scaron;e optu\u017ebe da namjerno ili nenamjerno pogre&scaron;no tuma\u010dimo finansijske iskaze \u017deljezare, jer ih je tako protuma\u010dio revizor koga ste sami anga\u017eovali&quot;, ka\u017ee \u0106alovi\u0107, koja prebacuje Brolu da nije ni poku&scaron;ao da pojasni &quot;koja je svrha uspostavljanja k\u0107erke kompanije, odnosno \u010demu ona slu\u017ei, koja vrsta poslova se obavlja na relaciji \u017deljezara Nik&scaron;i\u0107 &#8211; \u017deljezara Amsterdam &#8211; MNSS BV, kao i sa drugim povezanim off shore kompanijama&quot;. <\/p>\n<p>&quot;Na kraju i najva\u017enije, u pismu ste naveli da je od 2007. godine \u017deljezara pozajmila 45 miliona eura od svojih vlasnika. U ugovoru o privatizaciji je jasno navedeno da je vlasnik \u017deljezare du\u017ean da ulo\u017ei u tu kompaniju preko 100 miliona eura, a ne da sredstva za investicije pozajmi od samog sebe. To je ugovor o privatizaciji sa investicionim programom, a ne ugovor o dugoro\u010dnom kreditiranju kompanije, pa se postavlja pitanje za&scaron;to je ministar Vujovi\u0107 dozvolio da se \u017deljezara zadu\u017euje, umjesto da se u nju ula\u017ee. Posebno pitanje je u koju svrhu je potro&scaron;eno 45 miliona, kada je Vlada konstatovala da nisu izvr&scaron;ena ulaganja na predvi\u0111enom nivou ni u jednom investicionom periodu&quot;, ka\u017ee \u010calovi\u0107 u odgovoru na pismo Daniela Brola. <\/p>\n","protected":false},"excerpt":{"rendered":"<p>Izvr&scaron;na direktorica Mre\u017ee za afirmaciju nevladinog sektora (MANS) Vanja \u0106alovi\u0107 je u odgovoru direktoru \u017deljezare Nik&scaron;i\u0107 AD Danielu Brolu kazala da njegove prijetnje ne\u0107e u\u0107utkati MANS, &quot;jer su svi podaci koje je MANS do sada iznio u javnost i koje \u0107e tek iznijeti, zasnovani na \u010dinjenicama i zvani\u010dnim dokumentima dr\u017eave Crne Gore, Holandije, Velike Britanije, [&hellip;]<\/p>\n","protected":false},"author":1,"featured_media":0,"comment_status":"open","ping_status":"closed","sticky":false,"template":"","format":"standard","meta":{"_seopress_robots_primary_cat":"","_seopress_titles_title":"","_seopress_titles_desc":"","_seopress_robots_index":"","_et_pb_use_builder":"","_et_pb_old_content":"","_et_gb_content_width":"","inline_featured_image":false,"footnotes":""},"categories":[14],"tags":[],"class_list":["post-35394","post","type-post","status-publish","format-standard","hentry","category-vijesti"],"_links":{"self":[{"href":"https:\/\/www.pcnen.com\/portal\/wp-json\/wp\/v2\/posts\/35394","targetHints":{"allow":["GET"]}}],"collection":[{"href":"https:\/\/www.pcnen.com\/portal\/wp-json\/wp\/v2\/posts"}],"about":[{"href":"https:\/\/www.pcnen.com\/portal\/wp-json\/wp\/v2\/types\/post"}],"author":[{"embeddable":true,"href":"https:\/\/www.pcnen.com\/portal\/wp-json\/wp\/v2\/users\/1"}],"replies":[{"embeddable":true,"href":"https:\/\/www.pcnen.com\/portal\/wp-json\/wp\/v2\/comments?post=35394"}],"version-history":[{"count":0,"href":"https:\/\/www.pcnen.com\/portal\/wp-json\/wp\/v2\/posts\/35394\/revisions"}],"wp:attachment":[{"href":"https:\/\/www.pcnen.com\/portal\/wp-json\/wp\/v2\/media?parent=35394"}],"wp:term":[{"taxonomy":"category","embeddable":true,"href":"https:\/\/www.pcnen.com\/portal\/wp-json\/wp\/v2\/categories?post=35394"},{"taxonomy":"post_tag","embeddable":true,"href":"https:\/\/www.pcnen.com\/portal\/wp-json\/wp\/v2\/tags?post=35394"}],"curies":[{"name":"wp","href":"https:\/\/api.w.org\/{rel}","templated":true}]}}