{"id":353936,"date":"2022-08-29T10:05:26","date_gmt":"2022-08-29T08:05:26","guid":{"rendered":"https:\/\/www.pcnen.com\/portal\/?p=353936"},"modified":"2022-08-29T10:07:09","modified_gmt":"2022-08-29T08:07:09","slug":"umro-joze-mencinger-poznati-slovenacki-ekonomista","status":"publish","type":"post","link":"https:\/\/www.pcnen.com\/portal\/2022\/08\/29\/umro-joze-mencinger-poznati-slovenacki-ekonomista\/","title":{"rendered":"Umro Jo\u017ee Mencinger, poznati slovena\u010dki ekonomista"},"content":{"rendered":"<p>Evo dva pitanja i dva odgovora iz toga intervjua:<\/p>\n<blockquote><p><strong>Ve\u0107 du\u017ee od deceniju Evropskoj uniji predvi\u0111ate jugoslovenski scenario, \u0161to su vam mnogi zamerali \u201ejer demokratsku Evropu upore\u0111ujete sa nedemokratskom Jugoslavijom&#8221;. EU se, uprkos va\u0161im prognozama, jo\u0161 nije raspala?<\/strong><\/p>\n<p>Sli\u010dnosti izme\u0111u Jugoslavije i EU ne mogu da se ne vide i ne znam za\u0161to mi to zameraju. EU nije mnogo demokrati\u010dnija od Jugoslavije posle 1960. godine. \u0160to se raspada ti\u010de ovoliko: jesam tvrdio da EU ne\u0107e potrajati koliko je potrajala Habsbur\u0161ka imperija. I dalje mislim da sam u pravu. EU je ve\u0107 izgubila Veliku Britaniju, koja nikad nije bila verni \u010dlan. Ve\u0107a opasnost EU dolazi iz zemalja kao \u0161to su Ma\u0111arska i Poljska. Ali, EU se pla\u0161i da ih izbaci, iako bi to morala da u\u010dini ukoliko se bazira i poziva na vladavinu prava. \u017dalosno je da se EU bazira na strahu od neizvesnosti. Strah od raspada je njeno najja\u010de vezivo.<\/p>\n<p><strong>*Zanimljiva je i va\u0161a ocena da je Slovenija u Jugoslaviji bila uva\u017eena republika, a da je u EU zaboravljena i uni\u017eena provincija koja slu\u0161a samo \u0161ta joj Brisel diktira.<\/strong><\/p>\n<p>Neke velike zanimljivosti u toj oceni nema. Slovenija je bila u Jugoslaviji daleko ispred ostalih, imala je dva puta ve\u0107i BDP po stanovniku od jugoslovenskog proseka. Iz Jugoslavije je u\u0161la u mnogo razvijeniju EU i uvrstila se u drugu polovinu zemalja. Nekoliko godina je napredovala, a nakon krize iz 2008. godine je zastala. Na\u017ealost, na\u0161i politi\u010dari se pona\u0161aju kao sluge i bez prigovora slu\u0161aju sve \u0161to ka\u017eu u Briselu. ECB i Evropska komisija su 2014. godine pomagale da se uni\u0161ti bankarski sistem, a Slovenija ih nije tu\u017eila. Pa je pre nekoliko godina sama osu\u0111ena, <a href=\"https:\/\/www.rts.rs\/page\/oko\/sr\/story\/3229\/ekonomija\/4232598\/mencinger.html\" target=\"_blank\" rel=\"noopener\">rekao je Mencinger <\/a>u intervjuu koji je prenio portal PCNEN.<\/p>\n<p>https:\/\/www.pcnen.com\/portal\/2021\/02\/11\/evropska-unija-kao-habzburska-monarhija\/<\/p><\/blockquote>\n","protected":false},"excerpt":{"rendered":"<p>Jo\u017ee Mencinger, arhitekta slovena\u010dke tranzicije i jedan od najlucidnijih ekonomskih analiti\u010dara, preminuo je ju\u010de u 82. godini, objavio je portal RTS, podsje\u0107aju\u0107i na intervju koji je tome mediju dao u januaru lanjske godine.<\/p>\n","protected":false},"author":1,"featured_media":313803,"comment_status":"open","ping_status":"closed","sticky":false,"template":"","format":"standard","meta":{"_seopress_robots_primary_cat":"","_seopress_titles_title":"","_seopress_titles_desc":"","_seopress_robots_index":"","_et_pb_use_builder":"","_et_pb_old_content":"","_et_gb_content_width":"","inline_featured_image":false,"footnotes":""},"categories":[14],"tags":[],"class_list":["post-353936","post","type-post","status-publish","format-standard","has-post-thumbnail","hentry","category-vijesti"],"_links":{"self":[{"href":"https:\/\/www.pcnen.com\/portal\/wp-json\/wp\/v2\/posts\/353936","targetHints":{"allow":["GET"]}}],"collection":[{"href":"https:\/\/www.pcnen.com\/portal\/wp-json\/wp\/v2\/posts"}],"about":[{"href":"https:\/\/www.pcnen.com\/portal\/wp-json\/wp\/v2\/types\/post"}],"author":[{"embeddable":true,"href":"https:\/\/www.pcnen.com\/portal\/wp-json\/wp\/v2\/users\/1"}],"replies":[{"embeddable":true,"href":"https:\/\/www.pcnen.com\/portal\/wp-json\/wp\/v2\/comments?post=353936"}],"version-history":[{"count":3,"href":"https:\/\/www.pcnen.com\/portal\/wp-json\/wp\/v2\/posts\/353936\/revisions"}],"predecessor-version":[{"id":353939,"href":"https:\/\/www.pcnen.com\/portal\/wp-json\/wp\/v2\/posts\/353936\/revisions\/353939"}],"wp:featuredmedia":[{"embeddable":true,"href":"https:\/\/www.pcnen.com\/portal\/wp-json\/wp\/v2\/media\/313803"}],"wp:attachment":[{"href":"https:\/\/www.pcnen.com\/portal\/wp-json\/wp\/v2\/media?parent=353936"}],"wp:term":[{"taxonomy":"category","embeddable":true,"href":"https:\/\/www.pcnen.com\/portal\/wp-json\/wp\/v2\/categories?post=353936"},{"taxonomy":"post_tag","embeddable":true,"href":"https:\/\/www.pcnen.com\/portal\/wp-json\/wp\/v2\/tags?post=353936"}],"curies":[{"name":"wp","href":"https:\/\/api.w.org\/{rel}","templated":true}]}}