{"id":353931,"date":"2022-08-29T09:04:22","date_gmt":"2022-08-29T07:04:22","guid":{"rendered":"https:\/\/www.pcnen.com\/portal\/?p=353931"},"modified":"2022-08-29T09:04:22","modified_gmt":"2022-08-29T07:04:22","slug":"premijer-abazovic-priredio-veceru-za-patrijarha-porfirija","status":"publish","type":"post","link":"https:\/\/www.pcnen.com\/portal\/2022\/08\/29\/premijer-abazovic-priredio-veceru-za-patrijarha-porfirija\/","title":{"rendered":"Premijer Abazovi\u0107 priredio ve\u010deru za patrijarha Porfirija"},"content":{"rendered":"<p>&#8220;Ve\u010deri su, uz premijera i patrijarha, prisustvovali mitropolit crnogorsko-primorski Joanikije, episkop dalmatinski Nikodim, episkop zahumsko-hercegova\u010dki Dimitrije, ministar pravde Marko Kova\u010d, ministar finansija Aleksandar Damjanovi\u0107, dr\u017eavni sekretar u Ministarstvu pravde Bojan Bo\u017eovi\u0107 i savjetnik predsjednika Vlade za pravna pitanja Ivo \u0160o\u0107&#8221;, saop\u0161teno je iz kabineta premijera Abazovi\u0107a.<\/p>\n<p>Patrijarh SPC boravi u Herceg Novom povodom proslave 640 godina od osnivanja ovog grada.<\/p>\n","protected":false},"excerpt":{"rendered":"<p>Predsjednik Vlade Crne Gore Dritan Abazovi\u0107 je priredio ve\u010deru za patrijarha Srpske pravoslavne crkve Porfirija u Herceg Novom.<\/p>\n","protected":false},"author":1,"featured_media":353932,"comment_status":"open","ping_status":"closed","sticky":false,"template":"","format":"standard","meta":{"_seopress_robots_primary_cat":"","_seopress_titles_title":"","_seopress_titles_desc":"","_seopress_robots_index":"","_et_pb_use_builder":"","_et_pb_old_content":"","_et_gb_content_width":"","inline_featured_image":false,"footnotes":""},"categories":[14],"tags":[889,1333,1630],"class_list":["post-353931","post","type-post","status-publish","format-standard","has-post-thumbnail","hentry","category-vijesti","tag-abazovic","tag-herceg-novi","tag-patrijarh-porfirije"],"_links":{"self":[{"href":"https:\/\/www.pcnen.com\/portal\/wp-json\/wp\/v2\/posts\/353931","targetHints":{"allow":["GET"]}}],"collection":[{"href":"https:\/\/www.pcnen.com\/portal\/wp-json\/wp\/v2\/posts"}],"about":[{"href":"https:\/\/www.pcnen.com\/portal\/wp-json\/wp\/v2\/types\/post"}],"author":[{"embeddable":true,"href":"https:\/\/www.pcnen.com\/portal\/wp-json\/wp\/v2\/users\/1"}],"replies":[{"embeddable":true,"href":"https:\/\/www.pcnen.com\/portal\/wp-json\/wp\/v2\/comments?post=353931"}],"version-history":[{"count":1,"href":"https:\/\/www.pcnen.com\/portal\/wp-json\/wp\/v2\/posts\/353931\/revisions"}],"predecessor-version":[{"id":353933,"href":"https:\/\/www.pcnen.com\/portal\/wp-json\/wp\/v2\/posts\/353931\/revisions\/353933"}],"wp:featuredmedia":[{"embeddable":true,"href":"https:\/\/www.pcnen.com\/portal\/wp-json\/wp\/v2\/media\/353932"}],"wp:attachment":[{"href":"https:\/\/www.pcnen.com\/portal\/wp-json\/wp\/v2\/media?parent=353931"}],"wp:term":[{"taxonomy":"category","embeddable":true,"href":"https:\/\/www.pcnen.com\/portal\/wp-json\/wp\/v2\/categories?post=353931"},{"taxonomy":"post_tag","embeddable":true,"href":"https:\/\/www.pcnen.com\/portal\/wp-json\/wp\/v2\/tags?post=353931"}],"curies":[{"name":"wp","href":"https:\/\/api.w.org\/{rel}","templated":true}]}}