{"id":353927,"date":"2022-08-29T08:12:47","date_gmt":"2022-08-29T06:12:47","guid":{"rendered":"https:\/\/www.pcnen.com\/portal\/?p=353927"},"modified":"2022-08-29T08:12:47","modified_gmt":"2022-08-29T06:12:47","slug":"konatar-sa%d1%98ber-napad-mogle-izvesti-i-kriminalne-grupe","status":"publish","type":"post","link":"https:\/\/www.pcnen.com\/portal\/2022\/08\/29\/konatar-sa%d1%98ber-napad-mogle-izvesti-i-kriminalne-grupe\/","title":{"rendered":"Konatar: Sa\u0458ber-napad mogle izvesti i kriminalne grupe"},"content":{"rendered":"<p>Dr\u017eavne institucije se jo\u0161 nijesu izborile sa sajber-napadom na sajt Vlade Crne Gore, a zvani\u010dni su saop\u0161tili da se radi o jednom od najve\u0107ih napada, te iznijeli sumnje da iza njih stoje ruske slu\u017ebe.<\/p>\n<p>\u201cI ono \u0161to je posebno interesantno jeste da ministarstva inostranih poslova, odbrane i finansija, ANB, banke nisu bili meta napada. Mo\u017eda nisam u pravu, ali smatram da su dodatna haotizacija stanja i usporavanje odre\u0111enih procesa u zemlji bili klju\u010dna determinanta za izbor meta\u201d, <a href=\"https:\/\/www.dan.co.me\/vijesti\/drustvo\/konatar-za-dan-sajber-napad-mogle-izvesti-i-kriminalne-grupe-5134253\" target=\"_blank\" rel=\"noopener\">izjavio je Konatar za Dan.<\/a><\/p>\n<p>&nbsp;<\/p>\n<p><a href=\"https:\/\/www.pcnen.com\/portal\/?s=sajber+napad\" target=\"_blank\" rel=\"noopener\">VEZANE VIJESTI<\/a><\/p>\n","protected":false},"excerpt":{"rendered":"<p>Doktor nauka bezbjednosti, univerzitetski profesor Veselin Konatar je ocijenio za Dan da je sasvim realna mogu\u0107nost da je u kontekstu sveop\u0161tih doga\u0111anja u Crnoj Gori sajber-napad na vladinu informati\u010dku infrastrukturu mogao biti organizovan i do\u0107i kako od pojedinaca, tako i od organizovanih kriminalnih grupa. On ka\u017ee da kriminalne i teroristi\u010dke organizacije ne \u017eale novac za regrutaciju visokoobrazovanih kadrova iz svih oblasti.<\/p>\n","protected":false},"author":1,"featured_media":0,"comment_status":"open","ping_status":"closed","sticky":false,"template":"","format":"standard","meta":{"_seopress_robots_primary_cat":"","_seopress_titles_title":"","_seopress_titles_desc":"","_seopress_robots_index":"","_et_pb_use_builder":"","_et_pb_old_content":"","_et_gb_content_width":"","inline_featured_image":false,"footnotes":""},"categories":[14],"tags":[],"class_list":["post-353927","post","type-post","status-publish","format-standard","hentry","category-vijesti"],"_links":{"self":[{"href":"https:\/\/www.pcnen.com\/portal\/wp-json\/wp\/v2\/posts\/353927","targetHints":{"allow":["GET"]}}],"collection":[{"href":"https:\/\/www.pcnen.com\/portal\/wp-json\/wp\/v2\/posts"}],"about":[{"href":"https:\/\/www.pcnen.com\/portal\/wp-json\/wp\/v2\/types\/post"}],"author":[{"embeddable":true,"href":"https:\/\/www.pcnen.com\/portal\/wp-json\/wp\/v2\/users\/1"}],"replies":[{"embeddable":true,"href":"https:\/\/www.pcnen.com\/portal\/wp-json\/wp\/v2\/comments?post=353927"}],"version-history":[{"count":1,"href":"https:\/\/www.pcnen.com\/portal\/wp-json\/wp\/v2\/posts\/353927\/revisions"}],"predecessor-version":[{"id":353928,"href":"https:\/\/www.pcnen.com\/portal\/wp-json\/wp\/v2\/posts\/353927\/revisions\/353928"}],"wp:attachment":[{"href":"https:\/\/www.pcnen.com\/portal\/wp-json\/wp\/v2\/media?parent=353927"}],"wp:term":[{"taxonomy":"category","embeddable":true,"href":"https:\/\/www.pcnen.com\/portal\/wp-json\/wp\/v2\/categories?post=353927"},{"taxonomy":"post_tag","embeddable":true,"href":"https:\/\/www.pcnen.com\/portal\/wp-json\/wp\/v2\/tags?post=353927"}],"curies":[{"name":"wp","href":"https:\/\/api.w.org\/{rel}","templated":true}]}}