{"id":353921,"date":"2022-08-28T21:54:51","date_gmt":"2022-08-28T19:54:51","guid":{"rendered":"https:\/\/www.pcnen.com\/portal\/?p=353921"},"modified":"2022-08-28T21:54:51","modified_gmt":"2022-08-28T19:54:51","slug":"promjenljivo-oblacno-do-33-stepena-2","status":"publish","type":"post","link":"https:\/\/www.pcnen.com\/portal\/2022\/08\/28\/promjenljivo-oblacno-do-33-stepena-2\/","title":{"rendered":"Promjenljivo obla\u010dno, do 33 stepena"},"content":{"rendered":"<p>Vjetar \u0107e biti slab do umjeren, sa padavinama kratkotrajno i poja\u010dan, promjenljivog smjera.<\/p>\n<p>Jutarnja temperatura vazduha bi\u0107e od 9 do 22, najvi\u0161a dnevna 21 do 33 stepena.<\/p>\n<p>U Podgorici \u0107e biti promjenljivo obla\u010dno sa sun\u010danim intervalima, poslijepodne su realni izgledi za ki\u0161u ili pljusak sa grmljavinom.<\/p>\n<p>Vjetar \u0107e biti uglavnom slab do umjeren, promjenljiv.<\/p>\n<p>Jutarnja temperatura vazduha oko 21, najvi\u0161a dnevna 33 stepena.<\/p>\n","protected":false},"excerpt":{"rendered":"<p>U ponedjeljak \u0107e u Crnoj Gori biti promjenljivo obla\u010dno sa sun\u010danim periodima. U drugom dijelu dana mjestimi\u010dno \u0107e biti ki\u0161a, pljuskovi i grmljavina, lokalno mogu\u0107e i na primorju.<\/p>\n","protected":false},"author":1,"featured_media":330950,"comment_status":"open","ping_status":"closed","sticky":false,"template":"","format":"standard","meta":{"_seopress_robots_primary_cat":"","_seopress_titles_title":"","_seopress_titles_desc":"","_seopress_robots_index":"","_et_pb_use_builder":"","_et_pb_old_content":"","_et_gb_content_width":"","inline_featured_image":false,"footnotes":""},"categories":[14],"tags":[],"class_list":["post-353921","post","type-post","status-publish","format-standard","has-post-thumbnail","hentry","category-vijesti"],"_links":{"self":[{"href":"https:\/\/www.pcnen.com\/portal\/wp-json\/wp\/v2\/posts\/353921","targetHints":{"allow":["GET"]}}],"collection":[{"href":"https:\/\/www.pcnen.com\/portal\/wp-json\/wp\/v2\/posts"}],"about":[{"href":"https:\/\/www.pcnen.com\/portal\/wp-json\/wp\/v2\/types\/post"}],"author":[{"embeddable":true,"href":"https:\/\/www.pcnen.com\/portal\/wp-json\/wp\/v2\/users\/1"}],"replies":[{"embeddable":true,"href":"https:\/\/www.pcnen.com\/portal\/wp-json\/wp\/v2\/comments?post=353921"}],"version-history":[{"count":1,"href":"https:\/\/www.pcnen.com\/portal\/wp-json\/wp\/v2\/posts\/353921\/revisions"}],"predecessor-version":[{"id":353922,"href":"https:\/\/www.pcnen.com\/portal\/wp-json\/wp\/v2\/posts\/353921\/revisions\/353922"}],"wp:featuredmedia":[{"embeddable":true,"href":"https:\/\/www.pcnen.com\/portal\/wp-json\/wp\/v2\/media\/330950"}],"wp:attachment":[{"href":"https:\/\/www.pcnen.com\/portal\/wp-json\/wp\/v2\/media?parent=353921"}],"wp:term":[{"taxonomy":"category","embeddable":true,"href":"https:\/\/www.pcnen.com\/portal\/wp-json\/wp\/v2\/categories?post=353921"},{"taxonomy":"post_tag","embeddable":true,"href":"https:\/\/www.pcnen.com\/portal\/wp-json\/wp\/v2\/tags?post=353921"}],"curies":[{"name":"wp","href":"https:\/\/api.w.org\/{rel}","templated":true}]}}