{"id":353918,"date":"2022-08-28T21:01:11","date_gmt":"2022-08-28T19:01:11","guid":{"rendered":"https:\/\/www.pcnen.com\/portal\/?p=353918"},"modified":"2022-08-28T21:01:11","modified_gmt":"2022-08-28T19:01:11","slug":"beograd-litija-za-spas-srbije","status":"publish","type":"post","link":"https:\/\/www.pcnen.com\/portal\/2022\/08\/28\/beograd-litija-za-spas-srbije\/","title":{"rendered":"Beograd: Litija za spas Srbije"},"content":{"rendered":"<p>Organizatori su poru\u010dili da je to porodi\u010dna \u0161etnja, a u\u010desnike pozvali da pro\u0161etaju u miru.<\/p>\n<p>Nakon okupljanja ispred Patrijar\u0161ije SPC i \u010ditanja molitve O\u010de na\u0161, nekoliko stotina u\u010desnika se, preko Terazija i Slavije, uputilo ka Hramu Svetog Save, prenosi N1.<\/p>\n<p>Kolonu su predvodili \u010dlanovi moto udru\u017eenja \u201eNo\u0107ni vukovi\u201c.<\/p>\n<p>Pripadnici Ministarstva unutra\u0161njih poslova \u0161titili su prostorije Prajd info centra.<\/p>\n<p>Kolona je pro\u0161la pored centra i nastavila ka Hramu Svetog Save, a incidenata nije bilo.<\/p>\n<p>Dok su prolazili Ulicom kralja Milana, u\u010desnici su uzvikivali \u201eKosovo je srce Srbije\u201c.<\/p>\n<p>Iako je skup najavljen kao protest zbog organizovanja Europrajda u Beogradu, nema transparenata niti govora protiv te manifestacije.<\/p>\n","protected":false},"excerpt":{"rendered":"<p>I pored najave da je Europrajd zabranjen, protivnici njegovog odr\u017eavanja okupili su se na skupu &#8220;Litija za spas Srbije&#8221;<\/p>\n","protected":false},"author":1,"featured_media":353919,"comment_status":"open","ping_status":"closed","sticky":false,"template":"","format":"standard","meta":{"_seopress_robots_primary_cat":"","_seopress_titles_title":"","_seopress_titles_desc":"","_seopress_robots_index":"","_et_pb_use_builder":"","_et_pb_old_content":"","_et_gb_content_width":"","inline_featured_image":false,"footnotes":""},"categories":[14],"tags":[],"class_list":["post-353918","post","type-post","status-publish","format-standard","has-post-thumbnail","hentry","category-vijesti"],"_links":{"self":[{"href":"https:\/\/www.pcnen.com\/portal\/wp-json\/wp\/v2\/posts\/353918","targetHints":{"allow":["GET"]}}],"collection":[{"href":"https:\/\/www.pcnen.com\/portal\/wp-json\/wp\/v2\/posts"}],"about":[{"href":"https:\/\/www.pcnen.com\/portal\/wp-json\/wp\/v2\/types\/post"}],"author":[{"embeddable":true,"href":"https:\/\/www.pcnen.com\/portal\/wp-json\/wp\/v2\/users\/1"}],"replies":[{"embeddable":true,"href":"https:\/\/www.pcnen.com\/portal\/wp-json\/wp\/v2\/comments?post=353918"}],"version-history":[{"count":1,"href":"https:\/\/www.pcnen.com\/portal\/wp-json\/wp\/v2\/posts\/353918\/revisions"}],"predecessor-version":[{"id":353920,"href":"https:\/\/www.pcnen.com\/portal\/wp-json\/wp\/v2\/posts\/353918\/revisions\/353920"}],"wp:featuredmedia":[{"embeddable":true,"href":"https:\/\/www.pcnen.com\/portal\/wp-json\/wp\/v2\/media\/353919"}],"wp:attachment":[{"href":"https:\/\/www.pcnen.com\/portal\/wp-json\/wp\/v2\/media?parent=353918"}],"wp:term":[{"taxonomy":"category","embeddable":true,"href":"https:\/\/www.pcnen.com\/portal\/wp-json\/wp\/v2\/categories?post=353918"},{"taxonomy":"post_tag","embeddable":true,"href":"https:\/\/www.pcnen.com\/portal\/wp-json\/wp\/v2\/tags?post=353918"}],"curies":[{"name":"wp","href":"https:\/\/api.w.org\/{rel}","templated":true}]}}