{"id":353914,"date":"2022-08-28T18:22:01","date_gmt":"2022-08-28T16:22:01","guid":{"rendered":"https:\/\/www.pcnen.com\/portal\/?p=353914"},"modified":"2022-08-28T18:22:01","modified_gmt":"2022-08-28T16:22:01","slug":"nema-dogovora-o-sporazumu-un-o-zastiti-mora-i-okeana","status":"publish","type":"post","link":"https:\/\/www.pcnen.com\/portal\/2022\/08\/28\/nema-dogovora-o-sporazumu-un-o-zastiti-mora-i-okeana\/","title":{"rendered":"Nema dogovora o sporazumu UN o za\u0161titi mora i okeana"},"content":{"rendered":"<p>Pregovori u sjedi\u0161tu UN u Njujorku prekinuti su posle dvonedeljnih razgovora za koje su se ekolozi nadali da c\u0301e premostiti jaz u me\u0111unarodnim mjerama za\u0161tite mora, prenosi Beta.<\/p>\n<p>Predlo\u017eeni sporazum bi postavio pravila za za\u0161titu biodiverziteta u dvije trec\u0301ine oblasti svjetskog okeana koje su van nacionalnih jurisdikcija.<\/p>\n<p>&#8220;Manje od jedan odsto otvorenog mora za\u0161tic\u0301eno je bez novog sporazuma, a za\u0161tite djelova mora nisu dovoljne za ugro\u017eene vrste&#8221;, rekla je zamjenica pomoc\u0301nika dr\u017eavnog sekretara SAD Maksin Berket.<\/p>\n<p>Globalni cilj je da se 30 odsto povr\u0161ine okeana odvoji kao neka vrsta morskog uto\u010di\u0161ta.<\/p>\n<p>Zdravlje okeana je tako\u0111e klju\u010dno za borbu protiv klimatskih promjena jer vi\u0161e od 90 odsto vi\u0161ka toplote izazvane klimatskim promjenama apsorbuje more.<\/p>\n<p>Ambasadorka Belizea pri UN D\u017eenin Felson izjavila je da na Karibima sredstva za \u017eivot direktno zavise od zdravlja okeana.<\/p>\n<p>U\u010desnici kampanje su izrazili razo\u010daranje zbog neuspjeha da se postigne dogovor, ali su rekli da su razgovori donijeli odre\u0111eni napredak.<\/p>\n<p>Pregovori c\u0301e se nastaviti sledec\u0301e godine osim ako se ne sazove posebna vanredna sjednica prije kraja 2022.<\/p>\n","protected":false},"excerpt":{"rendered":"<p>Diplomate iz cijelog svijeta nisu uspjele da postignu dogovor o sporazumu Ujedinjenih nacija osmi\u0161ljenom da za\u0161titi morski svijet, po\u0161to je peta runda pregovora u zastoju.<\/p>\n","protected":false},"author":1,"featured_media":0,"comment_status":"open","ping_status":"closed","sticky":false,"template":"","format":"standard","meta":{"_seopress_robots_primary_cat":"","_seopress_titles_title":"","_seopress_titles_desc":"","_seopress_robots_index":"","_et_pb_use_builder":"","_et_pb_old_content":"","_et_gb_content_width":"","inline_featured_image":false,"footnotes":""},"categories":[14],"tags":[],"class_list":["post-353914","post","type-post","status-publish","format-standard","hentry","category-vijesti"],"_links":{"self":[{"href":"https:\/\/www.pcnen.com\/portal\/wp-json\/wp\/v2\/posts\/353914","targetHints":{"allow":["GET"]}}],"collection":[{"href":"https:\/\/www.pcnen.com\/portal\/wp-json\/wp\/v2\/posts"}],"about":[{"href":"https:\/\/www.pcnen.com\/portal\/wp-json\/wp\/v2\/types\/post"}],"author":[{"embeddable":true,"href":"https:\/\/www.pcnen.com\/portal\/wp-json\/wp\/v2\/users\/1"}],"replies":[{"embeddable":true,"href":"https:\/\/www.pcnen.com\/portal\/wp-json\/wp\/v2\/comments?post=353914"}],"version-history":[{"count":1,"href":"https:\/\/www.pcnen.com\/portal\/wp-json\/wp\/v2\/posts\/353914\/revisions"}],"predecessor-version":[{"id":353915,"href":"https:\/\/www.pcnen.com\/portal\/wp-json\/wp\/v2\/posts\/353914\/revisions\/353915"}],"wp:attachment":[{"href":"https:\/\/www.pcnen.com\/portal\/wp-json\/wp\/v2\/media?parent=353914"}],"wp:term":[{"taxonomy":"category","embeddable":true,"href":"https:\/\/www.pcnen.com\/portal\/wp-json\/wp\/v2\/categories?post=353914"},{"taxonomy":"post_tag","embeddable":true,"href":"https:\/\/www.pcnen.com\/portal\/wp-json\/wp\/v2\/tags?post=353914"}],"curies":[{"name":"wp","href":"https:\/\/api.w.org\/{rel}","templated":true}]}}