{"id":35389,"date":"2010-04-01T12:00:31","date_gmt":"2010-04-01T12:00:31","guid":{"rendered":"http:\/\/www.pcnen.com\/portal\/?p=35389"},"modified":"2010-04-01T12:00:31","modified_gmt":"2010-04-01T12:00:31","slug":"yihr-generalno-dobro-lose-u-detaljima","status":"publish","type":"post","link":"https:\/\/www.pcnen.com\/portal\/2010\/04\/01\/yihr-generalno-dobro-lose-u-detaljima\/","title":{"rendered":"YIHR: Generalno dobro, lo\u0161e u detaljima"},"content":{"rendered":"<p>Ljudska prava u Crnoj Gori generalno se po&scaron;tuju i ne postoji njihovo sistematsko kr&scaron;enje, ali nivo za&scaron;tite i po&scaron;tovanja ljudskih prava je na zabrinjavaju\u0107em nivou u pojedinim oblastima, konstatuje se u najnovijem, kvartalnom,&nbsp;izvje&scaron;taju Inicijative mladih za ljudska prava. (YIHR).<\/p>\n<p>Pominje se, pritom, tortura, politi\u010dki motivisano nasilje, ugro\u017eavanje slobode izra\u017eavanja, diskriminacija, ugro\u017eavanje prava manjina i lo&scaron; polo\u017eaj Roma, problemati\u010dan status raseljenih lica i porodi\u010dno nasilje.<\/p>\n","protected":false},"excerpt":{"rendered":"<p>Ljudska prava u Crnoj Gori generalno se po&scaron;tuju i ne postoji njihovo sistematsko kr&scaron;enje, ali nivo za&scaron;tite i po&scaron;tovanja ljudskih prava je na zabrinjavaju\u0107em nivou u pojedinim oblastima, konstatuje se u najnovijem, kvartalnom,&nbsp;izvje&scaron;taju Inicijative mladih za ljudska prava. (YIHR). Pominje se, pritom, tortura, politi\u010dki motivisano nasilje, ugro\u017eavanje slobode izra\u017eavanja, diskriminacija, ugro\u017eavanje prava manjina i lo&scaron; [&hellip;]<\/p>\n","protected":false},"author":1,"featured_media":0,"comment_status":"open","ping_status":"closed","sticky":false,"template":"","format":"standard","meta":{"_seopress_robots_primary_cat":"","_seopress_titles_title":"","_seopress_titles_desc":"","_seopress_robots_index":"","_et_pb_use_builder":"","_et_pb_old_content":"","_et_gb_content_width":"","inline_featured_image":false,"footnotes":""},"categories":[14],"tags":[],"class_list":["post-35389","post","type-post","status-publish","format-standard","hentry","category-vijesti"],"_links":{"self":[{"href":"https:\/\/www.pcnen.com\/portal\/wp-json\/wp\/v2\/posts\/35389","targetHints":{"allow":["GET"]}}],"collection":[{"href":"https:\/\/www.pcnen.com\/portal\/wp-json\/wp\/v2\/posts"}],"about":[{"href":"https:\/\/www.pcnen.com\/portal\/wp-json\/wp\/v2\/types\/post"}],"author":[{"embeddable":true,"href":"https:\/\/www.pcnen.com\/portal\/wp-json\/wp\/v2\/users\/1"}],"replies":[{"embeddable":true,"href":"https:\/\/www.pcnen.com\/portal\/wp-json\/wp\/v2\/comments?post=35389"}],"version-history":[{"count":0,"href":"https:\/\/www.pcnen.com\/portal\/wp-json\/wp\/v2\/posts\/35389\/revisions"}],"wp:attachment":[{"href":"https:\/\/www.pcnen.com\/portal\/wp-json\/wp\/v2\/media?parent=35389"}],"wp:term":[{"taxonomy":"category","embeddable":true,"href":"https:\/\/www.pcnen.com\/portal\/wp-json\/wp\/v2\/categories?post=35389"},{"taxonomy":"post_tag","embeddable":true,"href":"https:\/\/www.pcnen.com\/portal\/wp-json\/wp\/v2\/tags?post=35389"}],"curies":[{"name":"wp","href":"https:\/\/api.w.org\/{rel}","templated":true}]}}