{"id":353872,"date":"2022-08-27T21:55:25","date_gmt":"2022-08-27T19:55:25","guid":{"rendered":"https:\/\/www.pcnen.com\/portal\/?p=353872"},"modified":"2022-08-27T21:55:25","modified_gmt":"2022-08-27T19:55:25","slug":"borelj-postignut-dogovor-srbije-i-kosova-o-licnim-dokumentima","status":"publish","type":"post","link":"https:\/\/www.pcnen.com\/portal\/2022\/08\/27\/borelj-postignut-dogovor-srbije-i-kosova-o-licnim-dokumentima\/","title":{"rendered":"Borelj: Postignut dogovor Srbije i Kosova o li\u010dnim dokumentima"},"content":{"rendered":"<p>Na Tviteru, Borelj je objavio da je Srbija pristala da ukine dokumenta za vlasnike li\u010dnih karata iz Kosova, dok je Kosovo pristalo da ih ne uvodi za vlasnike li\u010dnih karata iz Srbije<\/p>\n<p>On je istakao da je dogovor postignut uz posredovanje EU.<\/p>\n<p>&#8220;Srbi sa Kosova, kao i svi drugi gra\u0111ani, mo\u0107i \u0107e da putuju iz Kosova u Srbiju i obrnuto koriste\u0107i svoje li\u010dne karte. EU je upravo dobila garancije premijera Aljbina Kurtija po ovom pitanju. Ovo je evropsko rje\u0161enje. \u010cestitamo obojici lidera na ovoj odluci i njihovom vodstvu&#8221;, naveo je Borelj u tvitu.<\/p>\n<p>Pitanje registarskih tablica, koje je tako\u0111e sporno u odnosima Srbije i Kosova, nije pominjao.<\/p>\n","protected":false},"excerpt":{"rendered":"<p>Srbija i Kosovo su postigli dogovor o spornom pitanju li\u010dnih dokumenata, izjavio je \u017dozep Borelj (Josep Borrell), komesar Evropske unije (EU) za spoljnu politiku i bezbjednost.<\/p>\n","protected":false},"author":1,"featured_media":319239,"comment_status":"open","ping_status":"closed","sticky":false,"template":"","format":"standard","meta":{"_seopress_robots_primary_cat":"","_seopress_titles_title":"","_seopress_titles_desc":"","_seopress_robots_index":"","_et_pb_use_builder":"","_et_pb_old_content":"","_et_gb_content_width":"","inline_featured_image":false,"footnotes":""},"categories":[14],"tags":[],"class_list":["post-353872","post","type-post","status-publish","format-standard","has-post-thumbnail","hentry","category-vijesti"],"_links":{"self":[{"href":"https:\/\/www.pcnen.com\/portal\/wp-json\/wp\/v2\/posts\/353872","targetHints":{"allow":["GET"]}}],"collection":[{"href":"https:\/\/www.pcnen.com\/portal\/wp-json\/wp\/v2\/posts"}],"about":[{"href":"https:\/\/www.pcnen.com\/portal\/wp-json\/wp\/v2\/types\/post"}],"author":[{"embeddable":true,"href":"https:\/\/www.pcnen.com\/portal\/wp-json\/wp\/v2\/users\/1"}],"replies":[{"embeddable":true,"href":"https:\/\/www.pcnen.com\/portal\/wp-json\/wp\/v2\/comments?post=353872"}],"version-history":[{"count":1,"href":"https:\/\/www.pcnen.com\/portal\/wp-json\/wp\/v2\/posts\/353872\/revisions"}],"predecessor-version":[{"id":353873,"href":"https:\/\/www.pcnen.com\/portal\/wp-json\/wp\/v2\/posts\/353872\/revisions\/353873"}],"wp:featuredmedia":[{"embeddable":true,"href":"https:\/\/www.pcnen.com\/portal\/wp-json\/wp\/v2\/media\/319239"}],"wp:attachment":[{"href":"https:\/\/www.pcnen.com\/portal\/wp-json\/wp\/v2\/media?parent=353872"}],"wp:term":[{"taxonomy":"category","embeddable":true,"href":"https:\/\/www.pcnen.com\/portal\/wp-json\/wp\/v2\/categories?post=353872"},{"taxonomy":"post_tag","embeddable":true,"href":"https:\/\/www.pcnen.com\/portal\/wp-json\/wp\/v2\/tags?post=353872"}],"curies":[{"name":"wp","href":"https:\/\/api.w.org\/{rel}","templated":true}]}}