{"id":353870,"date":"2022-08-27T21:07:25","date_gmt":"2022-08-27T19:07:25","guid":{"rendered":"https:\/\/www.pcnen.com\/portal\/?p=353870"},"modified":"2022-08-27T21:07:25","modified_gmt":"2022-08-27T19:07:25","slug":"koordinator-europride-2022-drzava-moze-da-zabrani-ali-ne-da-otkaze","status":"publish","type":"post","link":"https:\/\/www.pcnen.com\/portal\/2022\/08\/27\/koordinator-europride-2022-drzava-moze-da-zabrani-ali-ne-da-otkaze\/","title":{"rendered":"Koordinator EuroPride 2022: Dr\u017eava mo\u017ee da zabrani, ali ne da otka\u017ee"},"content":{"rendered":"<p>\u201eDr\u017eava, odnosno policija, samo mo\u017ee da zabrani EuroPride, ne i da ga otka\u017ee. Takva odluka je, podsetimo, PROTIVUSTAVNA i Ustavni sud je ve\u0107 \u010detiri puta poni\u0161tavao odluke o zabranama 2009, 2010, 2011. i 2012. godine. Tako\u0111e, doga\u0111aji u zatvorenom koji su najavljeni tokom Nedelje Ponosa ne mogu biti zabranjeni. \u010cekamo zvani\u010dnu odluku, na koju \u0107emo ulo\u017eiti \u017ealbu\u201c, rekao je Goran Mileti\u0107, koordinator EuroPride 2022.<\/p>\n<p>&nbsp;<\/p>\n<blockquote class=\"wp-embedded-content\" data-secret=\"0PHQaS45v4\"><p><a href=\"https:\/\/www.pcnen.com\/portal\/2022\/08\/27\/vucic-bice-otkazan-europrajd-u-beogradu\/\">Vu\u010di\u0107: Bi\u0107e otkazan Europrajd u Beogradu<\/a><\/p><\/blockquote>\n<p><iframe loading=\"lazy\" class=\"wp-embedded-content\" sandbox=\"allow-scripts\" security=\"restricted\" style=\"position: absolute; clip: rect(1px, 1px, 1px, 1px);\" title=\"&#8220;Vu\u010di\u0107: Bi\u0107e otkazan Europrajd u Beogradu&#8221; &#8212; PCNEN\" src=\"https:\/\/www.pcnen.com\/portal\/2022\/08\/27\/vucic-bice-otkazan-europrajd-u-beogradu\/embed\/#?secret=Tgf7Mme67R#?secret=0PHQaS45v4\" data-secret=\"0PHQaS45v4\" width=\"600\" height=\"338\" frameborder=\"0\" marginwidth=\"0\" marginheight=\"0\" scrolling=\"no\"><\/iframe><\/p>\n","protected":false},"excerpt":{"rendered":"<p>Nakon dana\u0161njeg zvani\u010dnog obra\u0107anja predsednika Srbije Aleksandra Vu\u010di\u0107a, u kom je izjavio da \u0107e EuroPride 2022 u Beogradu biti otkazan, iz organizacije ka\u017eu da dr\u017eava ne mo\u017ee da otka\u017ee, ve\u0107 samo zabrani EuroPride, \u0161to bi bilo protivno Ustavu Republike Srbije.<\/p>\n","protected":false},"author":1,"featured_media":353801,"comment_status":"open","ping_status":"closed","sticky":false,"template":"","format":"standard","meta":{"_seopress_robots_primary_cat":"","_seopress_titles_title":"","_seopress_titles_desc":"","_seopress_robots_index":"","_et_pb_use_builder":"","_et_pb_old_content":"","_et_gb_content_width":"","inline_featured_image":false,"footnotes":""},"categories":[14],"tags":[],"class_list":["post-353870","post","type-post","status-publish","format-standard","has-post-thumbnail","hentry","category-vijesti"],"_links":{"self":[{"href":"https:\/\/www.pcnen.com\/portal\/wp-json\/wp\/v2\/posts\/353870","targetHints":{"allow":["GET"]}}],"collection":[{"href":"https:\/\/www.pcnen.com\/portal\/wp-json\/wp\/v2\/posts"}],"about":[{"href":"https:\/\/www.pcnen.com\/portal\/wp-json\/wp\/v2\/types\/post"}],"author":[{"embeddable":true,"href":"https:\/\/www.pcnen.com\/portal\/wp-json\/wp\/v2\/users\/1"}],"replies":[{"embeddable":true,"href":"https:\/\/www.pcnen.com\/portal\/wp-json\/wp\/v2\/comments?post=353870"}],"version-history":[{"count":1,"href":"https:\/\/www.pcnen.com\/portal\/wp-json\/wp\/v2\/posts\/353870\/revisions"}],"predecessor-version":[{"id":353871,"href":"https:\/\/www.pcnen.com\/portal\/wp-json\/wp\/v2\/posts\/353870\/revisions\/353871"}],"wp:featuredmedia":[{"embeddable":true,"href":"https:\/\/www.pcnen.com\/portal\/wp-json\/wp\/v2\/media\/353801"}],"wp:attachment":[{"href":"https:\/\/www.pcnen.com\/portal\/wp-json\/wp\/v2\/media?parent=353870"}],"wp:term":[{"taxonomy":"category","embeddable":true,"href":"https:\/\/www.pcnen.com\/portal\/wp-json\/wp\/v2\/categories?post=353870"},{"taxonomy":"post_tag","embeddable":true,"href":"https:\/\/www.pcnen.com\/portal\/wp-json\/wp\/v2\/tags?post=353870"}],"curies":[{"name":"wp","href":"https:\/\/api.w.org\/{rel}","templated":true}]}}