{"id":35387,"date":"2010-04-01T11:01:58","date_gmt":"2010-04-01T11:01:58","guid":{"rendered":"http:\/\/www.pcnen.com\/portal\/?p=35387"},"modified":"2010-04-01T11:01:58","modified_gmt":"2010-04-01T11:01:58","slug":"danaj-do-velike-albanije-mirnim-putem","status":"publish","type":"post","link":"https:\/\/www.pcnen.com\/portal\/2010\/04\/01\/danaj-do-velike-albanije-mirnim-putem\/","title":{"rendered":"Danaj: Do Velike Albanije mirnim putem"},"content":{"rendered":"<p>Biv&scaron;i zvani\u010dnik albanske vlade Ko\u010do Danaj zala\u017ee se za kona\u010dno rje&scaron;enje albanskog pitanja do kraja 2013. godine na na\u010din &scaron;to \u0107e biti formirana dr\u017eava koja \u0107e obuhvatiti sve teritorije na kojima \u017eive Albanci.<\/p>\n<p>Kako prenose podgori\u010dke <em>Vijesti, <\/em>Danaje u svojoj platformi predvi\u0111a da nova albanska dr\u017eava bude formirana mirnim putem nakon pregovora sa susjednim dr\u017eavama, \u010diji djelovi teritorija bi u&scaron;li u sastav nove dr\u017eave. Danaj, osim Kosova, ra\u010duna i na druge djelove Srbije, Crne Gore, Makedonije i Gr\u010dke u kojima \u017eivi ve\u0107insko albansko stanovni&scaron;tvo.<\/p>\n<p>Danaj je pravoslavac sa juga Albanije i dvije godine je radio u vladi kao politi\u010dki savjetnik tada&scaron;njih premijera Fatosa Nanoa i Pandelji Majka, a savjetovao je i ministra inostranih poslova Iljira Metu.<\/p>\n","protected":false},"excerpt":{"rendered":"<p>Biv&scaron;i zvani\u010dnik albanske vlade Ko\u010do Danaj zala\u017ee se za kona\u010dno rje&scaron;enje albanskog pitanja do kraja 2013. godine na na\u010din &scaron;to \u0107e biti formirana dr\u017eava koja \u0107e obuhvatiti sve teritorije na kojima \u017eive Albanci. Kako prenose podgori\u010dke Vijesti, Danaje u svojoj platformi predvi\u0111a da nova albanska dr\u017eava bude formirana mirnim putem nakon pregovora sa susjednim dr\u017eavama, [&hellip;]<\/p>\n","protected":false},"author":1,"featured_media":0,"comment_status":"open","ping_status":"closed","sticky":false,"template":"","format":"standard","meta":{"_seopress_robots_primary_cat":"","_seopress_titles_title":"","_seopress_titles_desc":"","_seopress_robots_index":"","_et_pb_use_builder":"","_et_pb_old_content":"","_et_gb_content_width":"","inline_featured_image":false,"footnotes":""},"categories":[14],"tags":[],"class_list":["post-35387","post","type-post","status-publish","format-standard","hentry","category-vijesti"],"_links":{"self":[{"href":"https:\/\/www.pcnen.com\/portal\/wp-json\/wp\/v2\/posts\/35387","targetHints":{"allow":["GET"]}}],"collection":[{"href":"https:\/\/www.pcnen.com\/portal\/wp-json\/wp\/v2\/posts"}],"about":[{"href":"https:\/\/www.pcnen.com\/portal\/wp-json\/wp\/v2\/types\/post"}],"author":[{"embeddable":true,"href":"https:\/\/www.pcnen.com\/portal\/wp-json\/wp\/v2\/users\/1"}],"replies":[{"embeddable":true,"href":"https:\/\/www.pcnen.com\/portal\/wp-json\/wp\/v2\/comments?post=35387"}],"version-history":[{"count":0,"href":"https:\/\/www.pcnen.com\/portal\/wp-json\/wp\/v2\/posts\/35387\/revisions"}],"wp:attachment":[{"href":"https:\/\/www.pcnen.com\/portal\/wp-json\/wp\/v2\/media?parent=35387"}],"wp:term":[{"taxonomy":"category","embeddable":true,"href":"https:\/\/www.pcnen.com\/portal\/wp-json\/wp\/v2\/categories?post=35387"},{"taxonomy":"post_tag","embeddable":true,"href":"https:\/\/www.pcnen.com\/portal\/wp-json\/wp\/v2\/tags?post=35387"}],"curies":[{"name":"wp","href":"https:\/\/api.w.org\/{rel}","templated":true}]}}