{"id":353865,"date":"2022-08-27T20:50:35","date_gmt":"2022-08-27T18:50:35","guid":{"rendered":"https:\/\/www.pcnen.com\/portal\/?p=353865"},"modified":"2022-08-27T20:50:35","modified_gmt":"2022-08-27T18:50:35","slug":"aem-ce-razmotriti-prilog-emitovan-na-pink-u","status":"publish","type":"post","link":"https:\/\/www.pcnen.com\/portal\/2022\/08\/27\/aem-ce-razmotriti-prilog-emitovan-na-pink-u\/","title":{"rendered":"AEM \u0107e razmotriti prilog emitovan na PINK-u"},"content":{"rendered":"<blockquote class=\"twitter-tweet\">\n<p dir=\"ltr\" lang=\"und\">(2\/2) Posebno apelujemo na sve medije da po\u0161tuju profesionalne standarde i vode ra\u010duna da objavljuju samo provjerene informacije uz eliminiranje rizika od objavljivanja senzacionalisti\u010dkih informacija.<a href=\"https:\/\/twitter.com\/Vijestime?ref_src=twsrc%5Etfw\">@Vijestime<\/a> <a href=\"https:\/\/twitter.com\/RTCGme?ref_src=twsrc%5Etfw\">@RTCGme<\/a> <a href=\"https:\/\/twitter.com\/antena_m?ref_src=twsrc%5Etfw\">@antena_m<\/a> <a href=\"https:\/\/twitter.com\/GradskiMe?ref_src=twsrc%5Etfw\">@GradskiMe<\/a> <a href=\"https:\/\/twitter.com\/Pobjedacg?ref_src=twsrc%5Etfw\">@Pobjedacg<\/a> <a href=\"https:\/\/twitter.com\/cafemontenegro?ref_src=twsrc%5Etfw\">@cafemontenegro<\/a><\/p>\n<p>\u2014 Agencija za elektronske medije Crne Gore (@aemcrnagora) <a href=\"https:\/\/twitter.com\/aemcrnagora\/status\/1563592059654909953?ref_src=twsrc%5Etfw\">August 27, 2022<\/a><\/p><\/blockquote>\n<p><script async src=\"https:\/\/platform.twitter.com\/widgets.js\" charset=\"utf-8\"><\/script><\/p>\n<p>&nbsp;<\/p>\n<blockquote class=\"wp-embedded-content\" data-secret=\"GRxbv4HnNH\"><p><a href=\"https:\/\/www.pcnen.com\/portal\/2022\/08\/27\/aem-da-reaguje-na-izvjestavanje-tv-pink-o-tragediji-na-ct-video\/\">AEM da reaguje na izvje\u0161tavanje TV Pink o tragediji na CT (video)<\/a><\/p><\/blockquote>\n<p><iframe loading=\"lazy\" class=\"wp-embedded-content\" sandbox=\"allow-scripts\" security=\"restricted\" style=\"position: absolute; clip: rect(1px, 1px, 1px, 1px);\" title=\"&#8220;AEM da reaguje na izvje\u0161tavanje TV Pink o tragediji na CT (video)&#8221; &#8212; PCNEN\" src=\"https:\/\/www.pcnen.com\/portal\/2022\/08\/27\/aem-da-reaguje-na-izvjestavanje-tv-pink-o-tragediji-na-ct-video\/embed\/#?secret=oNyFufIURo#?secret=GRxbv4HnNH\" data-secret=\"GRxbv4HnNH\" width=\"600\" height=\"338\" frameborder=\"0\" marginwidth=\"0\" marginheight=\"0\" scrolling=\"no\"><\/iframe><\/p>\n","protected":false},"excerpt":{"rendered":"<p>Stru\u010dne slu\u017ebe AEM-a \u0107e razmotriti prilog emitovan na TV PINK, koji se odnosi na izvje\u0161tavanje o tragediji koja se dogodila na Cetinju, napisali su iz Agencije za elektronske medije na Tviteru.<\/p>\n","protected":false},"author":1,"featured_media":0,"comment_status":"open","ping_status":"closed","sticky":false,"template":"","format":"standard","meta":{"_seopress_robots_primary_cat":"","_seopress_titles_title":"","_seopress_titles_desc":"","_seopress_robots_index":"","_et_pb_use_builder":"","_et_pb_old_content":"","_et_gb_content_width":"","inline_featured_image":false,"footnotes":""},"categories":[14],"tags":[],"class_list":["post-353865","post","type-post","status-publish","format-standard","hentry","category-vijesti"],"_links":{"self":[{"href":"https:\/\/www.pcnen.com\/portal\/wp-json\/wp\/v2\/posts\/353865","targetHints":{"allow":["GET"]}}],"collection":[{"href":"https:\/\/www.pcnen.com\/portal\/wp-json\/wp\/v2\/posts"}],"about":[{"href":"https:\/\/www.pcnen.com\/portal\/wp-json\/wp\/v2\/types\/post"}],"author":[{"embeddable":true,"href":"https:\/\/www.pcnen.com\/portal\/wp-json\/wp\/v2\/users\/1"}],"replies":[{"embeddable":true,"href":"https:\/\/www.pcnen.com\/portal\/wp-json\/wp\/v2\/comments?post=353865"}],"version-history":[{"count":4,"href":"https:\/\/www.pcnen.com\/portal\/wp-json\/wp\/v2\/posts\/353865\/revisions"}],"predecessor-version":[{"id":353869,"href":"https:\/\/www.pcnen.com\/portal\/wp-json\/wp\/v2\/posts\/353865\/revisions\/353869"}],"wp:attachment":[{"href":"https:\/\/www.pcnen.com\/portal\/wp-json\/wp\/v2\/media?parent=353865"}],"wp:term":[{"taxonomy":"category","embeddable":true,"href":"https:\/\/www.pcnen.com\/portal\/wp-json\/wp\/v2\/categories?post=353865"},{"taxonomy":"post_tag","embeddable":true,"href":"https:\/\/www.pcnen.com\/portal\/wp-json\/wp\/v2\/tags?post=353865"}],"curies":[{"name":"wp","href":"https:\/\/api.w.org\/{rel}","templated":true}]}}