{"id":35386,"date":"2010-04-01T10:45:17","date_gmt":"2010-04-01T10:45:17","guid":{"rendered":"http:\/\/www.pcnen.com\/portal\/?p=35386"},"modified":"2010-04-01T10:45:17","modified_gmt":"2010-04-01T10:45:17","slug":"satelitska-pratnja-sluzbenih-vozila","status":"publish","type":"post","link":"https:\/\/www.pcnen.com\/portal\/2010\/04\/01\/satelitska-pratnja-sluzbenih-vozila\/","title":{"rendered":"Satelitska pratnja slu\u017ebenih vozila"},"content":{"rendered":"<p>Nijedno slu\u017ebeno prevozno sredstvo, u koja se ubrajaju ne samo putni\u010dki automobili nego i avioni, autobusi, vatrogasna i vozila Hitne pomo\u0107i ne smiju se koristiti u privatne svrhe, predvi\u0111eno je uredbom Vlade Crne Gore<em>.<\/em><\/p>\n<p><em>Pobjeda<\/em> otkriva da \u0107e ubudu\u0107e upotreba svih slu\u017ebenih vozila Skup&scaron;tine Crne Gore, Predsjednika Crne Gore, Vlade, Ustavnog suda, Za&scaron;titnika ljudskih prava i sloboda, dr\u017eavnog tu\u017eila&scaron;tva, ministarstava i drugih organa uprave, sudova, Centralne banke, Dr\u017eavne revizorske institucije, Univerziteta, javnih ustanova, dr\u017eavnih fondova biti pra\u0107ena satelitski, odnosno GPR sistemom. <\/p>\n<p>Uredbom je propisano i da slu\u017ebeno vozilo ne smije biti skuplje od 50.000 eura, osim u slu\u010daju jednog vozila koje koriste predsjednici Crne Gore, Vlade i Skup&scaron;tine, te vozila za potrebe protokola i posebne za&scaron;tite li\u010dnosti.<\/p>\n<p>Pravo na stalnu upotrebu slu\u017ebenog vozila imaju jedino Predsjednik Crne Gore, predsjednik i \u010dlanovi Vlade, predsjednik Ustavnog suda, Za&scaron;titnik ljudskih prava i sloboda, predsjednik Vrhovnog suda Crne Gore, Vrhovni dr\u017eavni tu\u017eilac i Specijalni tu\u017eilac za borbu protiv organizovanog kriminala, odre\u0111eno je uredbom Vlade Crne Gore.<\/p>\n","protected":false},"excerpt":{"rendered":"<p>Nijedno slu\u017ebeno prevozno sredstvo, u koja se ubrajaju ne samo putni\u010dki automobili nego i avioni, autobusi, vatrogasna i vozila Hitne pomo\u0107i ne smiju se koristiti u privatne svrhe, predvi\u0111eno je uredbom Vlade Crne Gore. Pobjeda otkriva da \u0107e ubudu\u0107e upotreba svih slu\u017ebenih vozila Skup&scaron;tine Crne Gore, Predsjednika Crne Gore, Vlade, Ustavnog suda, Za&scaron;titnika ljudskih prava [&hellip;]<\/p>\n","protected":false},"author":1,"featured_media":0,"comment_status":"open","ping_status":"closed","sticky":false,"template":"","format":"standard","meta":{"_seopress_robots_primary_cat":"","_seopress_titles_title":"","_seopress_titles_desc":"","_seopress_robots_index":"","_et_pb_use_builder":"","_et_pb_old_content":"","_et_gb_content_width":"","inline_featured_image":false,"footnotes":""},"categories":[14],"tags":[],"class_list":["post-35386","post","type-post","status-publish","format-standard","hentry","category-vijesti"],"_links":{"self":[{"href":"https:\/\/www.pcnen.com\/portal\/wp-json\/wp\/v2\/posts\/35386","targetHints":{"allow":["GET"]}}],"collection":[{"href":"https:\/\/www.pcnen.com\/portal\/wp-json\/wp\/v2\/posts"}],"about":[{"href":"https:\/\/www.pcnen.com\/portal\/wp-json\/wp\/v2\/types\/post"}],"author":[{"embeddable":true,"href":"https:\/\/www.pcnen.com\/portal\/wp-json\/wp\/v2\/users\/1"}],"replies":[{"embeddable":true,"href":"https:\/\/www.pcnen.com\/portal\/wp-json\/wp\/v2\/comments?post=35386"}],"version-history":[{"count":0,"href":"https:\/\/www.pcnen.com\/portal\/wp-json\/wp\/v2\/posts\/35386\/revisions"}],"wp:attachment":[{"href":"https:\/\/www.pcnen.com\/portal\/wp-json\/wp\/v2\/media?parent=35386"}],"wp:term":[{"taxonomy":"category","embeddable":true,"href":"https:\/\/www.pcnen.com\/portal\/wp-json\/wp\/v2\/categories?post=35386"},{"taxonomy":"post_tag","embeddable":true,"href":"https:\/\/www.pcnen.com\/portal\/wp-json\/wp\/v2\/tags?post=35386"}],"curies":[{"name":"wp","href":"https:\/\/api.w.org\/{rel}","templated":true}]}}