{"id":353856,"date":"2022-08-27T20:25:48","date_gmt":"2022-08-27T18:25:48","guid":{"rendered":"https:\/\/www.pcnen.com\/portal\/?p=353856"},"modified":"2022-08-27T20:25:48","modified_gmt":"2022-08-27T18:25:48","slug":"pretezno-suncano-ili-malo-do-umjereno-oblacno-11","status":"publish","type":"post","link":"https:\/\/www.pcnen.com\/portal\/2022\/08\/27\/pretezno-suncano-ili-malo-do-umjereno-oblacno-11\/","title":{"rendered":"Prete\u017eno sun\u010dano ili malo do umjereno obla\u010dno"},"content":{"rendered":"<p>Vjetar promjenljivog smjera bi\u0107e slab do umjeren.<\/p>\n<p>Jutarnja temperatura vazduha bi\u0107e u rasponu od 10 do 23, a najvi\u0161a dnevna od 22 do 34 stepena.<\/p>\n<p>U Podgorici bi\u0107e prete\u017eno ili djelimi\u010dno sun\u010dano.<\/p>\n<p>U drugom dijelu dana pove\u0107a\u0107e se obla\u010dnost uz malu mogu\u0107nost za krtakotrajni ki\u0161u ili grmljavinu.<\/p>\n<p>Promjenljoiv vjetar bi\u010de slab do umjeren.<\/p>\n<p>Jutarnja temperatura vazduha bi\u0107e oko 23, a najvi\u0161a dnevna 34 stepena.<\/p>\n<p>Ra\u010dunarska prognoza.<\/p>\n","protected":false},"excerpt":{"rendered":"<p>U drugom dijelu dana bi\u0107e vi\u0161e oblaka, ponegdje uz ki\u0161u ili pljusak sa grmljavinom, uglavnom u kontinentalnim djelovim Crne Gore.<\/p>\n","protected":false},"author":1,"featured_media":353685,"comment_status":"open","ping_status":"closed","sticky":false,"template":"","format":"standard","meta":{"_seopress_robots_primary_cat":"","_seopress_titles_title":"","_seopress_titles_desc":"","_seopress_robots_index":"","_et_pb_use_builder":"","_et_pb_old_content":"","_et_gb_content_width":"","inline_featured_image":false,"footnotes":""},"categories":[14],"tags":[],"class_list":["post-353856","post","type-post","status-publish","format-standard","has-post-thumbnail","hentry","category-vijesti"],"_links":{"self":[{"href":"https:\/\/www.pcnen.com\/portal\/wp-json\/wp\/v2\/posts\/353856","targetHints":{"allow":["GET"]}}],"collection":[{"href":"https:\/\/www.pcnen.com\/portal\/wp-json\/wp\/v2\/posts"}],"about":[{"href":"https:\/\/www.pcnen.com\/portal\/wp-json\/wp\/v2\/types\/post"}],"author":[{"embeddable":true,"href":"https:\/\/www.pcnen.com\/portal\/wp-json\/wp\/v2\/users\/1"}],"replies":[{"embeddable":true,"href":"https:\/\/www.pcnen.com\/portal\/wp-json\/wp\/v2\/comments?post=353856"}],"version-history":[{"count":1,"href":"https:\/\/www.pcnen.com\/portal\/wp-json\/wp\/v2\/posts\/353856\/revisions"}],"predecessor-version":[{"id":353857,"href":"https:\/\/www.pcnen.com\/portal\/wp-json\/wp\/v2\/posts\/353856\/revisions\/353857"}],"wp:featuredmedia":[{"embeddable":true,"href":"https:\/\/www.pcnen.com\/portal\/wp-json\/wp\/v2\/media\/353685"}],"wp:attachment":[{"href":"https:\/\/www.pcnen.com\/portal\/wp-json\/wp\/v2\/media?parent=353856"}],"wp:term":[{"taxonomy":"category","embeddable":true,"href":"https:\/\/www.pcnen.com\/portal\/wp-json\/wp\/v2\/categories?post=353856"},{"taxonomy":"post_tag","embeddable":true,"href":"https:\/\/www.pcnen.com\/portal\/wp-json\/wp\/v2\/tags?post=353856"}],"curies":[{"name":"wp","href":"https:\/\/api.w.org\/{rel}","templated":true}]}}