{"id":35385,"date":"2010-04-01T09:55:24","date_gmt":"2010-04-01T09:55:24","guid":{"rendered":"http:\/\/www.pcnen.com\/portal\/?p=35385"},"modified":"2010-04-01T09:55:24","modified_gmt":"2010-04-01T09:55:24","slug":"%e2%80%98ta-teska-strana-rec-genocid","status":"publish","type":"post","link":"https:\/\/www.pcnen.com\/portal\/2010\/04\/01\/%e2%80%98ta-teska-strana-rec-genocid\/","title":{"rendered":"\u2018Ta te\u0161ka strana re\u010d genocid&#8217;"},"content":{"rendered":"<p>Beogradska policija je jutros oko dva sata privela devet aktivista i aktivistkinja Inicijative mladih za ljudska prava koji su na platou ispred Skup&scaron;tine Srbije crvenim sprejom na trotoaru ispisali poruku &quot;Ta te&scaron;ka strana re\u010d genocid&quot;, javljaju beogradski online mediji. <\/p>\n<p>Aktivisti su pu&scaron;teni poslije pet sati zadr\u017eavanja u policijskoj stanici Stari Grad. <\/p>\n<p>Gradska \u010disto\u0107a je oko 3.15 sati sa plo\u010dnika uklonila poruku, koja je bila namijenjena poslanicima Skup&scaron;tine Srbije, povodom Deklaracije o osudi zlo\u010dina u Srebrenici, koja je usvojena 30. marta. <\/p>\n","protected":false},"excerpt":{"rendered":"<p>Beogradska policija je jutros oko dva sata privela devet aktivista i aktivistkinja Inicijative mladih za ljudska prava koji su na platou ispred Skup&scaron;tine Srbije crvenim sprejom na trotoaru ispisali poruku &quot;Ta te&scaron;ka strana re\u010d genocid&quot;, javljaju beogradski online mediji. Aktivisti su pu&scaron;teni poslije pet sati zadr\u017eavanja u policijskoj stanici Stari Grad. Gradska \u010disto\u0107a je oko [&hellip;]<\/p>\n","protected":false},"author":1,"featured_media":0,"comment_status":"open","ping_status":"closed","sticky":false,"template":"","format":"standard","meta":{"_seopress_robots_primary_cat":"","_seopress_titles_title":"","_seopress_titles_desc":"","_seopress_robots_index":"","_et_pb_use_builder":"","_et_pb_old_content":"","_et_gb_content_width":"","inline_featured_image":false,"footnotes":""},"categories":[14],"tags":[],"class_list":["post-35385","post","type-post","status-publish","format-standard","hentry","category-vijesti"],"_links":{"self":[{"href":"https:\/\/www.pcnen.com\/portal\/wp-json\/wp\/v2\/posts\/35385","targetHints":{"allow":["GET"]}}],"collection":[{"href":"https:\/\/www.pcnen.com\/portal\/wp-json\/wp\/v2\/posts"}],"about":[{"href":"https:\/\/www.pcnen.com\/portal\/wp-json\/wp\/v2\/types\/post"}],"author":[{"embeddable":true,"href":"https:\/\/www.pcnen.com\/portal\/wp-json\/wp\/v2\/users\/1"}],"replies":[{"embeddable":true,"href":"https:\/\/www.pcnen.com\/portal\/wp-json\/wp\/v2\/comments?post=35385"}],"version-history":[{"count":0,"href":"https:\/\/www.pcnen.com\/portal\/wp-json\/wp\/v2\/posts\/35385\/revisions"}],"wp:attachment":[{"href":"https:\/\/www.pcnen.com\/portal\/wp-json\/wp\/v2\/media?parent=35385"}],"wp:term":[{"taxonomy":"category","embeddable":true,"href":"https:\/\/www.pcnen.com\/portal\/wp-json\/wp\/v2\/categories?post=35385"},{"taxonomy":"post_tag","embeddable":true,"href":"https:\/\/www.pcnen.com\/portal\/wp-json\/wp\/v2\/tags?post=35385"}],"curies":[{"name":"wp","href":"https:\/\/api.w.org\/{rel}","templated":true}]}}